{"id":26123,"date":"2020-07-10T09:57:14","date_gmt":"2020-07-10T06:57:14","guid":{"rendered":"https:\/\/research.sharqforum.org\/?p=26123"},"modified":"2020-10-21T10:03:58","modified_gmt":"2020-10-21T07:03:58","slug":"irakta-sunni-siyasi-dini-aglar-ve-siyasal-degisim-etkileri-nerede","status":"publish","type":"post","link":"https:\/\/research.sharqforum.org\/tr\/2020\/07\/10\/irakta-sunni-siyasi-dini-aglar-ve-siyasal-degisim-etkileri-nerede\/","title":{"rendered":"IRAK\u2019TA S\u00dcNN\u0130 S\u0130YAS\u0130-D\u0130N\u0130 A\u011eLAR VE S\u0130YASAL DE\u011e\u0130\u015e\u0130M: ETK\u0130LER\u0130 NEREDE?"},"content":{"rendered":"<p><div class=\"fusion-fullwidth fullwidth-box fusion-builder-row-1 whitecolor pub-meta-data hundred-percent-fullwidth non-hundred-percent-height-scrolling fusion-equal-height-columns\" style=\"--link_hover_color: #f5f5f5;--link_color: #ffffff;--awb-border-radius-top-left:0px;--awb-border-radius-top-right:0px;--awb-border-radius-bottom-right:0px;--awb-border-radius-bottom-left:0px;--awb-padding-top:2px;--awb-padding-right:6%;--awb-padding-bottom:2px;--awb-padding-left:6%;--awb-margin-top:0px;--awb-margin-bottom:0px;--awb-background-color:#901235;\" ><div class=\"fusion-builder-row fusion-row\"><div class=\"fusion-layout-column fusion_builder_column fusion-builder-column-0 fusion_builder_column_1_3 1_3 fusion-one-third fusion-column-first\" style=\"--awb-bg-size:cover;--awb-margin-bottom:0px;width:33.333333333333%;width:calc(33.333333333333% - ( ( 4% + 4% ) * 0.33333333333333 ) );margin-right: 4%;\"><div class=\"fusion-column-wrapper fusion-column-has-shadow fusion-flex-column-wrapper-legacy\"><div class=\"fusion-column-content-centered\"><div class=\"fusion-column-content\"><div class=\"fusion-title title fusion-title-1 fusion-sep-none fusion-title-center fusion-title-text fusion-title-size-six text-upper\" style=\"--awb-text-color:#ffffff;--awb-margin-bottom:10px;--awb-font-size:16px;\"><h6 class=\"title-heading-center\" style=\"font-family:&quot;Open Sans Condensed&quot;;font-style:normal;font-weight:300;margin:0;font-size:1em;\"><a class=\"whitecolor\" href=\"https:\/\/research.sharqforum.org\/tr\/author\/tamer-badawi\/\"><img src=\"https:\/\/research.sharqforum.org\/wp-content\/uploads\/2018\/02\/Tamer-150x150.jpg\" class=\"postauthorimg\" alt=\"\" title=\"\"> Tamer Badawi<\/a>  &nbsp;&nbsp;&nbsp;&nbsp;&nbsp;<span ><i class=\"fa-calendar-alt far\" data-name=\"calendar-alt\"><\/i> 10 Temmuz 2020<\/span><\/h6><\/div><\/div><\/div><div class=\"fusion-clearfix\"><\/div><\/div><\/div><div class=\"fusion-layout-column fusion_builder_column fusion-builder-column-1 fusion_builder_column_1_3 1_3 fusion-one-third\" style=\"--awb-bg-size:cover;--awb-margin-bottom:0px;width:33.333333333333%;width:calc(33.333333333333% - ( ( 4% + 4% ) * 0.33333333333333 ) );margin-right: 4%;\"><div class=\"fusion-column-wrapper fusion-column-has-shadow fusion-flex-column-wrapper-legacy\"><div class=\"fusion-column-content-centered\"><div class=\"fusion-column-content\"><div class=\"fusion-aligncenter\"><a class=\"fusion-button button-flat fusion-button-default-size button-custom fusion-button-default button-1 fusion-button-default-span fusion-button-default-type fusion-has-button-gradient\" style=\"--button_accent_color:#000000;--button_accent_hover_color:#8a1538;--button_border_hover_color:#ffffff;--button_gradient_top_color:#ffffff;--button_gradient_bottom_color:#ffffff;--button_gradient_top_color_hover:#ffffff;--button_gradient_bottom_color_hover:rgba(51,51,51,0.22);\" target=\"_self\" href=\"https:\/\/research.sharqforum.org\/download\/26088\/\"><span class=\"fusion-button-text\">PDF \u0130ndir<\/span><\/a><\/div><\/div><\/div><div class=\"fusion-clearfix\"><\/div><\/div><\/div><div class=\"fusion-layout-column fusion_builder_column fusion-builder-column-2 fusion_builder_column_1_3 1_3 fusion-one-third fusion-column-last\" style=\"--awb-bg-size:cover;--awb-margin-bottom:0px;width:33.333333333333%;width:calc(33.333333333333% - ( ( 4% + 4% ) * 0.33333333333333 ) );\"><div class=\"fusion-column-wrapper fusion-column-has-shadow fusion-flex-column-wrapper-legacy\"><div class=\"fusion-column-content-centered\"><div class=\"fusion-column-content\"><div class=\"fusion-title title fusion-title-2 fusion-sep-none fusion-title-center fusion-title-text fusion-title-size-six text-upper\" style=\"--awb-text-color:#ffffff;--awb-margin-bottom:10px;--awb-font-size:16px;\"><h6 class=\"title-heading-center\" style=\"font-family:&quot;Open Sans Condensed&quot;;font-style:normal;font-weight:300;margin:0;font-size:1em;\"><a href=\"https:\/\/research.sharqforum.org\/tr\/category\/yayinlar\/rapor\/\">Rapor<\/a> \/  \/ <a href=\"https:\/\/research.sharqforum.org\/tr\/issue\/siyasal-islami-hareketler\/\">Siyasal \u0130slami Hareketler<\/a><\/h6><\/div><\/div><\/div><div class=\"fusion-clearfix\"><\/div><\/div><\/div><\/div><\/div><div class=\"fusion-fullwidth fullwidth-box fusion-builder-row-2 hundred-percent-fullwidth non-hundred-percent-height-scrolling\" style=\"--awb-border-radius-top-left:0px;--awb-border-radius-top-right:0px;--awb-border-radius-bottom-right:0px;--awb-border-radius-bottom-left:0px;--awb-padding-top:50px;--awb-padding-right:10%;--awb-padding-bottom:50px;--awb-padding-left:10%;--awb-background-color:#ffffff;\" ><div class=\"fusion-builder-row fusion-row\"><div class=\"fusion-layout-column fusion_builder_column fusion-builder-column-3 fusion_builder_column_5_6 5_6 fusion-five-sixth fusion-column-first\" style=\"--awb-bg-size:cover;width:83.333333333333%;width:calc(83.333333333333% - ( ( 4% ) * 0.83333333333333 ) );margin-right: 4%;\"><div class=\"fusion-column-wrapper fusion-column-has-shadow fusion-flex-column-wrapper-legacy\"><div class=\"fusion-text fusion-text-1\"><p><strong>G\u0130R\u0130\u015e<\/strong><\/p>\n<p><strong>Ekim 2019 protesto hareketi ve S\u00fcnni Araplar<\/strong><\/p>\n<p>Ekim 2019&#8217;da Ba\u011fdat&#8217;\u0131n merkezindeki Tahrir Meydan\u0131&#8217;nda ba\u015flayan ve g\u00fcneydeki Divaniye ve Nas\u0131riye kentlerine kadar yay\u0131lan Irak protestolar\u0131, 2003 sonras\u0131 Irak siyasal sistemini domine eden ve daha \u00f6nce siyaseten rakipsiz olan akt\u00f6rleri derinden sarst\u0131.<\/p>\n<p>Bu h\u00fck\u00fcmet kar\u015f\u0131t\u0131 protestolar, \u015eii yo\u011funluklu vilayetlerde ve y\u00f6netim b\u00f6lgelerinde s\u0131n\u0131rl\u0131 kal\u0131rken S\u00fcnni yo\u011funluklu b\u00f6lgelerde ya\u015fayanlar, protestolar\u0131n \u0130slam Devleti&#8217;nin (\u0130D) yeniden dirilmesi i\u00e7in verimli bir zemin olu\u015fturaca\u011f\u0131 korkusuyla protestolara kat\u0131lmaktan ka\u00e7\u0131nd\u0131. Dolay\u0131s\u0131yla, S\u00fcnni yerel y\u00f6neticiler, insanlar\u0131n protesto d\u00fczenlemeleri ihtimaline kar\u015f\u0131 engel te\u015fkil etti. Bu da Irak toplumu i\u00e7erisindeki S\u00fcnni Arap ve K\u00fcrt kesimlerin yayg\u0131n kat\u0131l\u0131m\u0131ndan yoksun, alt-ulusal d\u00fczeydeki protestolar\u0131n, t\u00fcm mezhepleri i\u00e7eren kapsaml\u0131 bir ulusal protestoya d\u00f6n\u00fc\u015fmesi potansiyelini s\u0131n\u0131rlad\u0131. Sonu\u00e7 olarak, Irak&#8217;taki S\u00fcnni Araplar\u0131n belli bir kesiminin g\u00fcneydeki protestolara sempati duymas\u0131na kar\u015f\u0131n, S\u00fcnniler yaln\u0131zca Ba\u011fdat&#8217;taki protestolara kat\u0131l\u0131m g\u00f6sterdi.<\/p>\n<p>Mezhep temelli yakla\u015f\u0131m\u0131n \u00f6tesinde, Ekim 2019 protesto hareketinin g\u00f6ze \u00e7arpan etnik-mezhep\u00e7ilik kar\u015f\u0131t\u0131 boyutu, bu protestolar\u0131n bir &#8216;Irak ulusal iradesini&#8217; yans\u0131tt\u0131\u011f\u0131 alg\u0131s\u0131n\u0131 olu\u015fturdu. Ancak, b\u00f6yle bir iradenin a\u00e7\u0131k talep ve tutumlar\u0131n\u0131 yans\u0131tan bir liderli\u011fe sahip olmak yerine, \u015eiilerin yo\u011fun olarak kat\u0131ld\u0131\u011f\u0131 protesto hareketi da\u011f\u0131n\u0131k, lidersiz ve de\u011fi\u015fken bir halde kald\u0131.<\/p>\n<\/div><div class=\"fusion-clearfix\"><\/div><\/div><\/div><div class=\"fusion-layout-column fusion_builder_column fusion-builder-column-4 fusion_builder_column_1_6 1_6 fusion-one-sixth fusion-column-last\" style=\"--awb-bg-size:cover;width:16.666666666667%;width:calc(16.666666666667% - ( ( 4% ) * 0.16666666666667 ) );\"><div class=\"fusion-column-wrapper fusion-column-has-shadow fusion-flex-column-wrapper-legacy\"><div class=\"fusion-clearfix\"><\/div><\/div><\/div><\/div><\/div><\/p>\n","protected":false},"excerpt":{"rendered":"<p>Ekim 2019&#8217;da Ba\u011fdat&#8217;\u0131n merkezindeki Tahrir Meydan\u0131&#8217;nda ba\u015flayan ve g\u00fcneydeki Divaniye ve Nas\u0131riye kentlerine kadar yay\u0131lan Irak protestolar\u0131, 2003 sonras\u0131 Irak siyasal sistemini domine eden ve daha \u00f6nce siyaseten rakipsiz olan akt\u00f6rleri derinden sarst\u0131. <\/p>\n","protected":false},"author":55,"featured_media":16172,"comment_status":"closed","ping_status":"closed","sticky":false,"template":"","format":"standard","meta":{"_mo_disable_npp":"","ngg_post_thumbnail":0},"categories":[363],"tags":[15412],"asf_pub_issue":[10303],"asf_pub_region":[10321],"acf":[],"_links":{"self":[{"href":"https:\/\/research.sharqforum.org\/tr\/wp-json\/wp\/v2\/posts\/26123"}],"collection":[{"href":"https:\/\/research.sharqforum.org\/tr\/wp-json\/wp\/v2\/posts"}],"about":[{"href":"https:\/\/research.sharqforum.org\/tr\/wp-json\/wp\/v2\/types\/post"}],"author":[{"embeddable":true,"href":"https:\/\/research.sharqforum.org\/tr\/wp-json\/wp\/v2\/users\/55"}],"replies":[{"embeddable":true,"href":"https:\/\/research.sharqforum.org\/tr\/wp-json\/wp\/v2\/comments?post=26123"}],"version-history":[{"count":1,"href":"https:\/\/research.sharqforum.org\/tr\/wp-json\/wp\/v2\/posts\/26123\/revisions"}],"predecessor-version":[{"id":26124,"href":"https:\/\/research.sharqforum.org\/tr\/wp-json\/wp\/v2\/posts\/26123\/revisions\/26124"}],"wp:featuredmedia":[{"embeddable":true,"href":"https:\/\/research.sharqforum.org\/tr\/wp-json\/wp\/v2\/media\/16172"}],"wp:attachment":[{"href":"https:\/\/research.sharqforum.org\/tr\/wp-json\/wp\/v2\/media?parent=26123"}],"wp:term":[{"taxonomy":"category","embeddable":true,"href":"https:\/\/research.sharqforum.org\/tr\/wp-json\/wp\/v2\/categories?post=26123"},{"taxonomy":"post_tag","embeddable":true,"href":"https:\/\/research.sharqforum.org\/tr\/wp-json\/wp\/v2\/tags?post=26123"},{"taxonomy":"asf_pub_issue","embeddable":true,"href":"https:\/\/research.sharqforum.org\/tr\/wp-json\/wp\/v2\/asf_pub_issue?post=26123"},{"taxonomy":"asf_pub_region","embeddable":true,"href":"https:\/\/research.sharqforum.org\/tr\/wp-json\/wp\/v2\/asf_pub_region?post=26123"}],"curies":[{"name":"wp","href":"https:\/\/api.w.org\/{rel}","templated":true}]}}