{"id":27342,"date":"2021-01-17T15:21:57","date_gmt":"2021-01-17T12:21:57","guid":{"rendered":"https:\/\/research.sharqforum.org\/?p=27342"},"modified":"2021-02-26T15:36:29","modified_gmt":"2021-02-26T12:36:29","slug":"suriyeli-kurtleri-ne-bekliyor","status":"publish","type":"post","link":"https:\/\/research.sharqforum.org\/tr\/2021\/01\/17\/suriyeli-kurtleri-ne-bekliyor\/","title":{"rendered":"Suriyeli K\u00fcrtleri Ne Bekliyor?"},"content":{"rendered":"<div class=\"fusion-fullwidth fullwidth-box fusion-builder-row-1 nonhundred-percent-fullwidth non-hundred-percent-height-scrolling\" style=\"--awb-border-radius-top-left:0px;--awb-border-radius-top-right:0px;--awb-border-radius-bottom-right:0px;--awb-border-radius-bottom-left:0px;\" ><div class=\"fusion-builder-row fusion-row\"><div class=\"fusion-layout-column fusion_builder_column fusion-builder-column-0 fusion_builder_column_1_1 1_1 fusion-one-full fusion-column-first fusion-column-last\" style=\"--awb-padding-top:20px;--awb-padding-right:20px;--awb-padding-bottom:20px;--awb-padding-left:20px;--awb-bg-size:cover;--awb-box-shadow:2px 2px 20px 2px #dddddd;;--awb-margin-bottom:0px;\"><div class=\"fusion-column-wrapper fusion-column-has-shadow fusion-flex-column-wrapper-legacy\"><div class=\"fusion-text fusion-text-1\"><section class=\"elementor-section elementor-top-section elementor-element elementor-element-07814b3 elementor-section-boxed elementor-section-height-default elementor-section-height-default\" data-id=\"07814b3\" data-element_type=\"section\">\n<div class=\"elementor-container elementor-column-gap-default\">\n<div class=\"elementor-row\">\n<div class=\"elementor-column elementor-col-100 elementor-top-column elementor-element elementor-element-610640f\" data-id=\"610640f\" data-element_type=\"column\">\n<div class=\"elementor-column-wrap elementor-element-populated\">\n<div class=\"elementor-widget-wrap\">\n<div class=\"elementor-element elementor-element-6c0fc41a elementor-widget elementor-widget-text-editor\" data-id=\"6c0fc41a\" data-element_type=\"widget\" data-widget_type=\"text-editor.default\">\n<div class=\"elementor-widget-container\">\n<div class=\"elementor-text-editor elementor-clearfix\">\n<p><strong><em>Bu yaz\u0131 ilk olarak <a href=\"https:\/\/www.perspektif.online\/suriyeli-kurtleri-ne-bekliyor\/\" target=\"_blank\" rel=\"noopener\">Perspektif\u2019te<\/a> yay\u0131mlanm\u0131\u015ft\u0131r.<\/em><\/strong><\/p>\n<p><span style=\"color: #607d8b;\"><em>Biden\u2019\u0131n g\u00f6revi devralmas\u0131 ile beraber \u00d6zerk Y\u00f6netim\u2019in siyasal me\u015fruiyet elde etme aray\u0131\u015f\u0131nda \u00e7abalar\u0131n\u0131 s\u0131kla\u015ft\u0131rmas\u0131 bekleniyor. Biden daha g\u00f6reve ba\u015flamadan \u00d6zerk Y\u00f6netim fig\u00fcrleri Biden\u2019a \u201cbizi siyasi olarak tan\u0131\u201d \u00e7a\u011fr\u0131lar\u0131 yapmaya ba\u015flad\u0131 bile.<\/em><\/span><\/p>\n<p>9 Ekim 2019\u2019da T\u00fcrkiye\u2019nin Bar\u0131\u015f P\u0131nar\u0131 Harekat\u0131\u2019n\u0131 ba\u015flatmas\u0131 ve k\u0131sa bir zaman diliminde Tel Abyad ve Rasulayn aras\u0131ndaki bir b\u00f6lgeyi ele ge\u00e7irmesi sonucunda PYD kontrol\u00fcndeki Kuzey ve Do\u011fu Suriye \u00d6zerk Y\u00f6netimi ciddi bir yara alm\u0131\u015ft\u0131.<\/p>\n<p>2018 y\u0131l\u0131nda, PYD\u2019nin silahl\u0131 kanad\u0131 YPG\u2019nin ana omurgas\u0131n\u0131 te\u015fkil etti\u011fi, Suriye Demokratik G\u00fc\u00e7leri\u2019nin (SDG), Suriye\u2019nin do\u011fusundaki Arap yo\u011funluklu b\u00f6lgeleri ele ge\u00e7irmesine m\u00fcteakip ilan edilen \u00d6zerk Y\u00f6netim bu operasyon neticesinde toprak ve n\u00fcfuz kayb\u0131na u\u011frad\u0131. Harek\u00e2t sonras\u0131nda, T\u00fcrkiye\u2019nin Rusya ile yapt\u0131\u011f\u0131&nbsp;<a href=\"https:\/\/www.aljazeera.com\/news\/2019\/10\/22\/full-text-of-turkey-russia-agreement-on-northeast-syria\/\" target=\"_blank\" rel=\"noopener noreferrer\">anla\u015fman\u0131n<\/a>&nbsp;sonucu olarak bug\u00fcn PYD kontrol\u00fcndeki idarenin y\u00f6netti\u011fi alanlarda Rus g\u00fc\u00e7lerinin yan\u0131nda Esad rejimi kuvvetleri de varl\u0131k g\u00f6steriyor.<\/p>\n<p>Asker\u00ee operasyonun \u00fczerinden belirli bir s\u00fcre ge\u00e7tikten sonra PYD, ya\u015fad\u0131\u011f\u0131 krize bir \u00e7\u00f6z\u00fcm bulma ve toplumsal ve uluslararas\u0131 alanda me\u015fruiyetini artt\u0131rma gayesiyle, SDG Komutan\u0131 Mazlum Abdi\u2019nin \u00f6nc\u00fcl\u00fc\u011f\u00fcnde, ABD ve Fransa\u2019n\u0131n da deste\u011fiyle Suriye\u2019de rakibi ve ayn\u0131 zamanda \u0130stanbul merkezli Suriye muhalefetinin bir par\u00e7as\u0131 olan, Erbil destekli Suriye K\u00fcrt Ulusal Konseyi ile birlik g\u00f6r\u00fc\u015fmelerini ba\u015flatt\u0131.<\/p>\n<p>Bu g\u00f6r\u00fc\u015fmelerin tarihsel bir ba\u011flam\u0131 oldu\u011fu ve 2012 y\u0131l\u0131ndan beri iki taraf\u0131n defalarca m\u00fczakereler ger\u00e7ekle\u015ftirdi\u011fi biliniyor. K\u00fcrt akt\u00f6rler aras\u0131nda g\u00fc\u00e7 payla\u015f\u0131m\u0131na dayal\u0131 ortak bir siyasi yap\u0131n\u0131n kurulmas\u0131n\u0131 hedefleyen bahse konu g\u00f6r\u00fc\u015fmeler neticesinde Birinci ve \u0130kinci Erbil Anla\u015fmas\u0131 ile Duhok Anla\u015fmas\u0131 imzaland\u0131. 2012-2013 aras\u0131nda taraflar k\u0131sa bir s\u00fcreli\u011fine de olsa ortak bir siyasi mekanizma kurmay\u0131 ba\u015fard\u0131 da.<\/p>\n<p>K\u00fcrt akt\u00f6rler Temmuz 2012\u2019de K\u00fcrt Y\u00fcksek Komitesi\u2019ni kurup Suriye\u2019nin kuzeyindeki b\u00f6lgeleri beraber y\u00f6netmeye ba\u015flad\u0131lar. A\u011fustos 2012\u2019de YPG\u2019nin, K\u00fcrdistan B\u00f6lgesel Y\u00f6netimi topraklar\u0131nda e\u011fitilen Suriyeli Pe\u015fmergelerin Kuzey Suriye\u2019ye giri\u015fini&nbsp;<a href=\"https:\/\/ekurd.net\/mismas\/articles\/misc2012\/8\/syriakurd578.htm\" target=\"_blank\" rel=\"noopener noreferrer\">engellemesinin<\/a>&nbsp;ard\u0131ndan taraflar aras\u0131nda problemler tekrar g\u00fcn y\u00fcz\u00fcne \u00e7\u0131kt\u0131 ve sonu\u00e7ta bu ortakl\u0131k y\u00fcr\u00fcmedi.<\/p>\n<p>Taraflar aras\u0131ndaki sonraki mutabakatlar\u0131n da \u00e7\u00f6kmesiyle Suriye K\u00fcrt Ulusal Konseyi giderek zay\u0131flarken PYD g\u00fcc\u00fcn\u00fc konsolide edip b\u00f6lgede tek tarafl\u0131 bir hegemonya kurdu. Ayr\u0131ca, K\u00fcrt akt\u00f6rler aras\u0131nda ya\u015fanan bu gerilim nedeniyle baz\u0131 Ulusal Konsey fig\u00fcrleri s\u00fcrg\u00fcne gitme mecburiyetinde kald\u0131. Kriz d\u00f6nemlerinin \u00fcr\u00fcnleri oldu\u011funda \u015f\u00fcphe bulunmayan K\u00fcrtler aras\u0131 birlik g\u00f6r\u00fc\u015fmelerine, 2020 y\u0131l\u0131nda yine bir krizin ard\u0131ndan start verildi.<\/p>\n<p><strong>Birlik G\u00f6r\u00fc\u015fmelerinde \u00dc\u00e7\u00fcnc\u00fc Tur<\/strong><\/p>\n<p>Nisan 2020\u2019de ba\u015flayan, h\u00e2lihaz\u0131rda PYD \u00f6nc\u00fcl\u00fc\u011f\u00fcnde, 25 partiyi ihtiva eden K\u00fcrt Ulusal Birlik Partileri koalisyonuyla, benzer \u015fekilde 15 partiyi b\u00fcnyesinde bulunduran bir koalisyon olan K\u00fcrt Ulusal Konseyi aras\u0131nda ger\u00e7ekle\u015fen birlik g\u00f6r\u00fc\u015fmelerinde \u015fu ana dek iki tur geride kald\u0131.<\/p>\n<p>ABD Ba\u015fkanl\u0131k se\u00e7imleri sebebiyle Suriye\u2019den ayr\u0131lmak durumunda kalan, bilahare de de\u011fi\u015fen Amerikan delegasyonunun, 15 Ocak\u2019tan sonra Kuzey Suriye\u2019ye gelmesi bekleniyor. Bunun akabinde de Amerikal\u0131 yetkililerin garant\u00f6rl\u00fck ve g\u00f6zlemciliklerini yapt\u0131klar\u0131 birlik g\u00f6r\u00fc\u015fmelerinin \u00fc\u00e7\u00fcnc\u00fc turunu ba\u015flatacaklar\u0131 ifade ediliyor.<\/p>\n<p>Taraflar aras\u0131nda geride kalan iki turda, pek \u00e7ok g\u00f6r\u00fc\u015fme ger\u00e7ekle\u015fti ve kapsaml\u0131 olmasa da belli siyasi konular \u00fczerinde uzla\u015f\u0131 sa\u011fland\u0131. \u00d6rne\u011fin taraflar bir&nbsp;<a href=\"https:\/\/www.kurdistan24.net\/en\/news\/ba899219-46d4-4ff5-8bf1-465bb634a967\" target=\"_blank\" rel=\"noopener noreferrer\">K\u00fcrt Y\u00fcksek Mercii<\/a>&nbsp;olu\u015fturmay\u0131 kabul etti.<\/p>\n<p>40 ki\u015fiden olu\u015faca\u011f\u0131 ifade edilen K\u00fcrt Y\u00fcksek Mercii\u2019nin, K\u00fcrt siyasal akt\u00f6rlerinin Suriye\u2019de izleyece\u011fi ortak bir siyasi strateji olu\u015fturmaya, idarede bir ortakl\u0131k meydana getirmeye, uluslararas\u0131 alanda K\u00fcrt temsilini geli\u015ftirmeye ve K\u00fcrtlerin kazan\u0131mlar\u0131n\u0131 korumaya hizmet etmesi hedefleniyor. Bunun yan\u0131nda 2014 tarihli Duhok Anla\u015fmas\u0131\u2019n\u0131n ilerideki turlar i\u00e7in esas al\u0131nmas\u0131, Suriye\u2019nin gelecekte adem-i merkeziyet\u00e7i bir idare \u015feklinde y\u00f6netilmesi gibi hususlar \u00fczerinde ittifak edildi. G\u00f6r\u00fc\u015fmelerin \u00fc\u00e7\u00fcnc\u00fc turunda ise, K\u00fcrt Ulusal Konseyi\u2019nin \u00d6zerk Y\u00f6netime kat\u0131l\u0131m\u0131, asayi\u015f ve asker\u00ee konular\u0131n konu\u015fulaca\u011f\u0131n\u0131 her iki siyasi cenah teyit ediyor.<\/p>\n<p><strong>G\u00f6r\u00fc\u015fmelere Biden \u0130daresi Etkisi<\/strong><\/p>\n<p>\u0130rrasyonel ve hi\u00e7bir \u015fekilde tahmin edilemez olan Trump\u2019\u0131n d\u00f6neminde \u00d6zerk Y\u00f6netim, T\u00fcrkiye\u2019nin operasyonlar\u0131 neticesinde ciddi bir toprak kayb\u0131na u\u011frad\u0131. Dolay\u0131s\u0131yla, Kas\u0131m 2020 se\u00e7imleri s\u00fcresince, her ne kadar taraflar pragmatik bir \u015fekilde hareket edip sessizliklerini korumu\u015f olsalar da Suriyeli K\u00fcrtlerin Joe Biden\u2019\u0131n se\u00e7ilmesini arzu ettiklerini tahmin etmek zor de\u011fil.<\/p>\n<p>Trump\u2019\u0131n Bar\u0131\u015f P\u0131nar\u0131 Harek\u00e2t\u0131\u2019na ye\u015fil \u0131\u015f\u0131k yakm\u0131\u015f olmas\u0131, K\u00fcrtlerde bu hissiyat\u0131 peki\u015ftirmi\u015f durumda. Hem K\u00fcrtleri, b\u00f6lgeye daha \u00f6nce yapt\u0131\u011f\u0131 seyahatler dolay\u0131s\u0131yla b\u00f6lgeyi Trump\u2019tan daha iyi tan\u0131mas\u0131 hem de ABD-PYD\/YPG ili\u015fkisinin Joe Biden\u2019\u0131n Ba\u015fkan Yard\u0131mc\u0131s\u0131 oldu\u011fu Obama d\u00f6neminde ba\u015flam\u0131\u015f olmas\u0131 hasebiyle PYD ve K\u00fcrt Ulusal Konseyi taraflar\u0131 Biden d\u00f6neminde K\u00fcrtler ve ABD aras\u0131nda daha iyi bir ili\u015fki bekliyor. Nitekim se\u00e7imin akabinde hem PYD\/SDG hem de K\u00fcrt Ulusal Konseyi fig\u00fcrleri bu duruma i\u015faret eden a\u00e7\u0131klamalarda bulundular.<\/p>\n<p>Obama d\u00f6neminde bir hayli etkili olan I\u015e\u0130D\u2019le M\u00fccadele K\u00fcresel Koalisyonu\u2019nun \u00f6zel Ba\u015fkanl\u0131k el\u00e7isi Brett McGurk\u2019\u00fcn, Biden Y\u00f6netiminin ulusal g\u00fcvenlik ekibinde&nbsp;<a href=\"https:\/\/www.rudaw.net\/turkish\/world\/080120214\" target=\"_blank\" rel=\"noopener noreferrer\">Orta Do\u011fu ve Kuzey Afrika Koordinat\u00f6rl\u00fc\u011f\u00fcne<\/a>&nbsp;getirilecek olmas\u0131 da Suriyeli K\u00fcrtlerin ABD ile ili\u015fkilerin gelece\u011fine daha olumlu bakmas\u0131n\u0131n bir ba\u015fka nedeni.<\/p>\n<p>Esasen, Joe Biden\u2019\u0131n Suriye dosyas\u0131nda \u015fapkadan tav\u015fan \u00e7\u0131karmas\u0131 beklenmiyor. Mamafih Suriyeli K\u00fcrtler, Biden d\u00f6neminde kendileri a\u00e7\u0131s\u0131ndan apans\u0131z k\u00f6t\u00fc bir s\u00fcrprizle kar\u015f\u0131 kar\u015f\u0131ya kalmayacaklar\u0131n\u0131 d\u00fc\u015f\u00fcn\u00fcyorlar. Yine de Biden\u2019\u0131n siyasi olarak, PYD\u2019nin kontrol\u00fcndeki idareyi tan\u0131mas\u0131 pek muhtemel g\u00f6r\u00fcnm\u00fcyor. Muhtemelen, Suriye dosyas\u0131nda Biden, Trump d\u00f6nemindekine benzer bir siyaset izleyip, SDG\u2019ye askeri deste\u011fini s\u00fcrd\u00fcrecek.<\/p>\n<p>Yeni y\u00f6netim d\u00f6neminde I\u015e\u0130D ve ter\u00f6rle m\u00fccadele g\u00fcndeminin tekrardan daha yo\u011fun bir \u015fekilde g\u00fcndeme gelmesi ihtimali de bu beklentiyi tahkim ediyor. Yani ABD\u2019nin \u00d6zerk Y\u00f6netim\u2019i resmi olarak tan\u0131madan, sahadaki fiili durumu s\u00fcrd\u00fcrmesi kuvvetli bir olas\u0131l\u0131k. Asl\u0131nda bu, ABD\u2019nin b\u00f6lgesel K\u00fcrtler siyasetinde yeni bir \u015fey de de\u011fil. Irak K\u00fcrtlerinin 1991 y\u0131l\u0131ndan itibaren fiilen var olan \u00f6zerklik deneyimlerine ra\u011fmen, ABD bu fiili deneyimi ancak Irak\u2019\u0131n anayasal olarak federal bir devlet bi\u00e7iminde kurguland\u0131\u011f\u0131 2005 anayasas\u0131ndan sonra resmi olarak tan\u0131d\u0131.<\/p>\n<p><strong>Kuzey ve Do\u011fu Suriye \u00d6zerk Y\u00f6netimi\u2019nin Siyasal Stat\u00fc Aray\u0131\u015f\u0131<\/strong><\/p>\n<p>I\u015e\u0130D\u2019in alan h\u00e2kimiyetinin sona erdirilmesinin ard\u0131ndan, \u00d6zerk Y\u00f6netim siyasal stat\u00fc elde etme yolunda \u00e7abalar\u0131n\u0131 artt\u0131rm\u0131\u015ft\u0131. Ancak PYD\/SDG bug\u00fcne dek, I\u015e\u0130D\u2019e kar\u015f\u0131 asker\u00ee zaferlerini, anayasal d\u00fczlemde bir siyasi kazan\u0131ma tahvil etmeyi ba\u015faramad\u0131.<\/p>\n<p>Suriye rejimiyle Suriye Demokratik Meclisi aras\u0131nda Rusya\u2019n\u0131n arabuluculu\u011funda \u015eam\u2019da ve Hmeymim hava \u00fcss\u00fcnde ger\u00e7ekle\u015fen g\u00f6r\u00fc\u015fmelerden PYD\/SDG lehine anayasal bir kazan\u0131m \u00e7\u0131kmad\u0131. Buna ra\u011fmen, \u00d6zerk Y\u00f6netim siyasal tan\u0131nma elde etme aray\u0131\u015f\u0131ndan geri ad\u0131m atmad\u0131. Buna matuf, SDM yetkilileri Eyl\u00fcl 2020\u2019de SDG kontrol\u00fcndeki b\u00f6lgelerin genelini kapsayan bir panel dizisi d\u00fczenlemeye ba\u015flad\u0131.<\/p>\n<p>Haseke, Tabka, Rakka, Kam\u0131\u015fl\u0131 gibi yerlerde 13 panel ger\u00e7ekle\u015ftirip b\u00f6lge halk\u0131n\u0131n ileri gelenleriyle g\u00f6r\u00fc\u015ft\u00fckten sonra Suriye Demokratik Meclisi, Kas\u0131m ay\u0131nda Haseke\u2019de \u201cF\u0131rat ve Cizre Halklar\u0131 Ulusal Kongresi\u201d ad\u0131 alt\u0131nda bir kongre tertip etti. Bu kongre siyasi tan\u0131nma elde etme yolunda el g\u00fc\u00e7lendirmeye d\u00f6n\u00fck bir hamle idi. Kongre sonras\u0131nda \u00d6zerk Y\u00f6netim\u2019de reformlar yap\u0131lmas\u0131 s\u00f6z\u00fc verildi. Bu mevzuda 17 maddelik bir&nbsp;<a href=\"https:\/\/rojavainformationcenter.com\/2020\/11\/translation-reforms-announced-in-response-to-syrian-democratic-council-public-consultations\/\" target=\"_blank\" rel=\"noopener noreferrer\">sonu\u00e7 bildirisi<\/a>&nbsp;de ilan edildi. Bildiride en dikkat \u00e7eken maddelerden biri Kuzey ve Do\u011fu Suriye\u2019de yerel se\u00e7imler i\u00e7in haz\u0131rl\u0131klar yap\u0131lmas\u0131yd\u0131.&nbsp;<\/p>\n<p>Ayr\u0131ca, Biden\u2019\u0131n g\u00f6revi devralmas\u0131 ile beraber \u00d6zerk Y\u00f6netim\u2019in siyasal me\u015fruiyet elde etme aray\u0131\u015f\u0131nda \u00e7abalar\u0131n\u0131 s\u0131kla\u015ft\u0131rmas\u0131 bekleniyor. Biden daha g\u00f6reve ba\u015flamadan \u00d6zerk Y\u00f6netim fig\u00fcrleri Biden\u2019a \u201c<a href=\"https:\/\/www.al-monitor.com\/pulse\/originals\/2020\/12\/syria-kurds-biden-sdf-isis.html\" target=\"_blank\" rel=\"noopener noreferrer\">bizi siyasi olarak tan\u0131<\/a>\u201d \u00e7a\u011fr\u0131lar\u0131 yapmaya ba\u015flad\u0131 bile.<\/p>\n<p>Suriye\u2019de K\u00fcrt partileri aras\u0131ndaki diyalo\u011fun da bu hedefe hizmet edece\u011fi d\u00fc\u015f\u00fcn\u00fcl\u00fcyor. Birlik g\u00f6r\u00fc\u015fmeleri ile, PYD\u2019nin PKK ile aras\u0131na mesafe koymas\u0131 ve K\u00fcrt Ulusal Konseyi\u2019nin \u00d6zerk Y\u00f6netim\u2019e bir \u015fekilde dahil edilmesi hedefleniyor. K\u00fcrt Ulusal Konseyi\u2019nin y\u00f6netime ortak olmas\u0131yla \u00d6zerk Y\u00f6netim\u2019in me\u015fruiyet krizinin belli \u00f6l\u00e7\u00fcde a\u015f\u0131lmas\u0131, T\u00fcrkiye\u2019nin g\u00fcvenlik kayg\u0131lar\u0131n\u0131n hafifletilmesi ve Suriye Demokratik Meclisi yetkililerinin Suriye\u2019nin gelece\u011fini \u015fekillendirecek siyasi s\u00fcre\u00e7lere kat\u0131lmalar\u0131 ama\u00e7lan\u0131yor.<\/p>\n<p>Bunlar\u0131n d\u0131\u015f\u0131nda, SDM Y\u00fcr\u00fctme Kurulu Ba\u015fkan\u0131 \u0130lham Ahmed, 2021 y\u0131l\u0131nda, Suriye muhalefeti ile gerilimi d\u00fc\u015f\u00fcrmeyi ama\u00e7layan bir dil kullanaca\u011f\u0131n\u0131n sinyallerini de vermeye ba\u015flad\u0131. Ahmed, k\u0131sa bir s\u00fcre \u00f6nce, 2021 y\u0131l\u0131nda Suriye muhalefetiyle, Kuzey ve Do\u011fu Suriye\u2019yi bir&nbsp;<a href=\"https:\/\/syrianobserver.com\/EN\/news\/62787\/sdcs-plans-for-2021.html\" target=\"_blank\" rel=\"noopener noreferrer\">ortak demokrasi merkezi<\/a>&nbsp;yapmay\u0131 sa\u011flayacak bir proje yapmak istediklerini ifade etti.<\/p>\n<p>Bu s\u00f6ylem de\u011fi\u015fikli\u011fi de yine, kurulan y\u00f6netimi kal\u0131c\u0131la\u015ft\u0131rmaya d\u00f6n\u00fck bir hamle. Ayr\u0131ca gerek Mazlum Abdi gerekse de SDM ve \u00d6zerk Y\u00f6netim fig\u00fcrlerinin 2021 y\u0131l\u0131nda se\u00e7im ve idarede de\u011fi\u015fiklik\/reform temal\u0131 s\u00f6ylemleri de yine me\u015fruiyet ve siyasal tan\u0131nma aray\u0131\u015f\u0131 ba\u011flam\u0131nda okunmal\u0131.<\/p>\n<p><strong>Siyasal Tan\u0131nma Yolunda \u0130\u015flevsel Bir Koz: Tutuklu Yabanc\u0131 I\u015e\u0130D Mensuplar\u0131<\/strong><\/p>\n<p>Siyasal tan\u0131nma elde etme ve me\u015fruiyet kazanma aray\u0131\u015f\u0131nda bir di\u011fer nokta da uzunca bir s\u00fcredir SDG kontrol\u00fcndeki hapishane ve kamplarda tutulan yabanc\u0131 I\u015e\u0130D tutuklular\u0131. PYD kontrol\u00fcndeki \u00d6zerk Y\u00f6netim\u2019in D\u0131\u015f \u0130li\u015fkiler Ofisi E\u015f Ba\u015fkan\u0131, Abd\u00fclkerim \u00d6mer k\u0131sa bir s\u00fcre \u00f6nce bir r\u00f6portajda, k\u00f6t\u00fc \u015f\u00f6hretiyle tan\u0131nan El-Hol kamp\u0131nda tutulan yabanc\u0131 I\u015e\u0130D mensuplar\u0131yla ilgili ilgin\u00e7 bir noktaya temas ediyor. \u00c7ok k\u0131sa bir s\u00fcre \u00f6ncesine kadar m\u00fctemadiyen Bat\u0131l\u0131 \u00fclkelere \u201cvatanda\u015flar\u0131n\u0131z\u0131 teslim al\u0131n\u201d \u00e7a\u011fr\u0131s\u0131 yapan, almayanlar\u0131 da yeren bir dil kullanmakta beis g\u00f6rmeyen \u00d6zerk Y\u00f6netim, s\u00f6ylemini revize etmi\u015fe benziyor.<\/p>\n<p>\u00d6mer \u201c<a href=\"https:\/\/www.youtube.com\/watch?v=at9lmAvF1Wc\" target=\"_blank\" rel=\"noopener noreferrer\">Su\u00e7 i\u015fledi\u011fi kan\u0131tlanan ki\u015fileri, \u00fclkeleri teslim etmemizi istese dahi vermeyiz.<\/a>\u201d diyor. Bunun yerine, daha \u00f6nce de dillendirilen, Suriye\u2019de uluslararas\u0131 bir mahkeme kurulmas\u0131 konusunu g\u00fcndeme getiriyor. \u201cUluslararas\u0131 bir mahkemenin kurulmas\u0131 zor olsa da k\u0131s\u0131tl\u0131 say\u0131da yabanc\u0131 \u00fclkenin kat\u0131l\u0131m\u0131yla bu mahkemeyi kurabiliriz. \u0130sve\u00e7, Hollanda ve Avusturya da buna destek veriyor\u201d diye de ekliyor.<\/p>\n<p>Bu s\u00f6ylem de\u011fi\u015fikli\u011finin tesad\u00fcfi olmad\u0131\u011f\u0131 a\u015fik\u00e2r. Tutuklu yabanc\u0131 I\u015e\u0130D mensuplar\u0131 ve uluslararas\u0131 mahkeme konusu da siyasal tan\u0131nma hususunda kullan\u0131lan i\u015flevsel bir koz.&nbsp; Uluslararas\u0131 mahkemenin \u00d6zerk Y\u00f6netim yetkilileri taraf\u0131ndan dillendirilmesinin nedeni \u015fu: Bu mahkeme yoluyla Y\u00f6netimin do\u011frudan veya dolayl\u0131 pek \u00e7ok \u00fclke ile ili\u015fkiye ge\u00e7ebilmesi ve bu sayede uluslararas\u0131 alanda tan\u0131n\u0131rl\u0131\u011f\u0131n\u0131\/me\u015fruiyetini artt\u0131rmas\u0131 hedefleniyor.<\/p>\n<p><strong>G\u00f6r\u00fc\u015fmelerdeki Handikaplar<\/strong><\/p>\n<p>Birlik g\u00f6r\u00fc\u015fmelerinin \u00f6n\u00fcnde \u00e7e\u015fitli handikaplar\u0131n oldu\u011fu da yads\u0131namaz bir ger\u00e7ek. SDG ve Suriye Demokratik Meclisi se\u00e7im ve idare reformunu g\u00fcndeme getirmi\u015f olsa da K\u00fcrt Ulusal Konseyi kaynaklar\u0131 se\u00e7im konusuna hen\u00fcz s\u0131cak bakm\u0131yor.<\/p>\n<p>K\u00fcrt Ulusal Konseyi&nbsp;<a href=\"https:\/\/www.rudaw.net\/kurmanci\/kurdistan\/030120216\" target=\"_blank\" rel=\"noopener noreferrer\">fig\u00fcrleri<\/a>&nbsp;se\u00e7imler i\u00e7in kapsaml\u0131 bir anla\u015fman\u0131n yap\u0131lmas\u0131n\u0131, idarede ciddi reformlar ger\u00e7ekle\u015fmesini, b\u00f6lgede g\u00fcvenli\u011fin tam anlam\u0131yla sa\u011flanmas\u0131n\u0131 ve Suriyeli m\u00fcltecilerin \u00fclkeye geri d\u00f6nd\u00fckten sonra se\u00e7imlerin yap\u0131lmas\u0131n\u0131 \u015fart ko\u015fuyor. B\u00f6lgede bulunan baz\u0131 Arap kesimler de mevcut ko\u015fullarda se\u00e7imlerin yap\u0131lmas\u0131na kar\u015f\u0131 \u00e7\u0131k\u0131yor. Arap n\u00fcfus da K\u00fcrt Ulusal Konseyi fig\u00fcrlerine paralel olarak siyasi, asker\u00ee ve g\u00fcvenlik problemlerinin yan\u0131nda m\u00fcltecileri sebep g\u00f6stererek se\u00e7imlere kat\u0131lmayacaklar\u0131n\u0131 ifade ediyor.<\/p>\n<p>Yukar\u0131dakilere ek olarak, \u00fc\u00e7\u00fcnc\u00fc turda taraflar\u0131n \u00e7\u00f6zmeleri gereken \u00e7etrefilli ve \u00fczerinde uzla\u015f\u0131 sa\u011flanmas\u0131n\u0131n zor oldu\u011fu hususlar \u015funlar:<\/p>\n<ul>\n<li>\u00d6ncelikle K\u00fcrt Ulusal Konseyi\u2019nin idareye ne \u015fekilde kat\u0131laca\u011f\u0131 hen\u00fcz tam olarak netle\u015fmedi. Daha \u00f6nceki g\u00f6r\u00fc\u015fmelerde K\u00fcrt Ulusal Birlik Partileri ve K\u00fcrt Ulusal Konseyi koalisyonlar\u0131n\u0131n her biri i\u00e7in idarede %40\u2019l\u0131k bir kota konulmas\u0131, kalan %20\u2019lik kesim i\u00e7in de ba\u011f\u0131ms\u0131z ki\u015filerin idareye eklemlenmesi ifade edildi. Ancak bu konuyu netle\u015ftirilen bir metin hen\u00fcz imzalanm\u0131\u015f de\u011fil.<\/li>\n<\/ul>\n<ul>\n<li>Taraflar aras\u0131nda bir g\u00fcven bunal\u0131m\u0131 var. Bu nedenle ABD g\u00f6zetimi ve garant\u00f6rl\u00fc\u011f\u00fc olmadan taraflar ayn\u0131 masada oturma konusunda problemler ya\u015f\u0131yorlar. Bu durum da g\u00f6r\u00fc\u015fmeleri h\u00e2liyle etkiliyor.<\/li>\n<\/ul>\n<ul>\n<li>K\u00fcrt Ulusal Birlik Partileri ve ENKS aras\u0131nda zorunlu askerlik ve e\u011fitim m\u00fcfredat\u0131 konular\u0131nda derin g\u00f6r\u00fc\u015f ayr\u0131l\u0131klar\u0131 var. K\u00fcrt Ulusal Konseyi, \u015fu anki sistemin tamamen de\u011fi\u015fmesini talep ediyor. PYD\/ K\u00fcrt Ulusal Birlik Partileri ise K\u00fcrt Ulusal Konseyi\u2019ni K\u00fcrt\u00e7e e\u011fitim istememekle su\u00e7luyor ki K\u00fcrt Ulusal Konseyi bu su\u00e7lamay\u0131 reddediyor.<\/li>\n<\/ul>\n<ul>\n<li>PYD\u2019nin PKK ile aras\u0131na mesafe koyup koyamayaca\u011f\u0131 h\u00e2l\u00e2 bir muamma. Crisis Group ile yapt\u0131\u011f\u0131 bir&nbsp;<a href=\"https:\/\/www.crisisgroup.org\/middle-east-north-africa\/eastern-mediterranean\/syria\/sdf-seeks-path-toward-durable-stability-north-east-syria\" target=\"_blank\" rel=\"noopener noreferrer\">g\u00f6r\u00fc\u015fmede<\/a>&nbsp;Mazlum Abdi \u00d6zerk Y\u00f6netim b\u00fcnyesinde PKK kadrolar\u0131n\u0131n oldu\u011funu kabul ederek, zaman i\u00e7erisinde (Suriyeli olmayan) bu ki\u015filerin ba\u015fta bulunduklar\u0131n\u0131 pozisyonlardan sonras\u0131nda ise Suriye\u2019den \u00e7\u0131kar\u0131lacaklar\u0131n\u0131 ifade etti. Ancak bu projeye hem PYD i\u00e7inden bir kanat hem de PKK\u2019n\u0131n Kandil\u2019deki liderleri tepki&nbsp;<a href=\"https:\/\/research.sharqforum.org\/2020\/10\/28\/the-transformation-struggle-of-the-pyd-localization-tendency-as-a-method-of-gaining-legitimacy\/\" target=\"_blank\" rel=\"noopener noreferrer\">g\u00f6steriyor<\/a>. K\u00fcrt Ulusal Konseyi ise birlik i\u00e7in PKK ba\u011flant\u0131s\u0131n\u0131n bitmesini \u015fart ko\u015fuyor. Bu hususta temel olarak hedeflenen T\u00fcrkiye i\u00e7in ise ana problem \u00f6rg\u00fctsel ba\u011f. Yani; sadece Suriyeli olmayan PKK kadrolar\u0131n\u0131n Suriye\u2019den \u00e7\u0131kar\u0131lmas\u0131 Ankara\u2019y\u0131 tatmin edece\u011fe benzemiyor.<\/li>\n<\/ul>\n<ul>\n<li>ENKS\u2019ye ba\u011fl\u0131, Erbil\u2019de bulunan binlerce Roj Pe\u015fmergesinin Suriye\u2019ye ne \u015fekilde d\u00f6nece\u011fi, SDG\u2019ye eklemlenip eklemlenemeyece\u011fi me\u00e7hul. SDG\u2019ye eklemlense dahi, K\u00fcrt Ulusal Konseyi, mezk\u00fbr Pe\u015fmergelerin Rakka ve Deyrizor gibi Arap yo\u011funluklu b\u00f6lgelerde bir savunma g\u00fcc\u00fc olarak bulunmas\u0131na \u015fiddetle kar\u015f\u0131 \u00e7\u0131k\u0131yor. Bunun d\u0131\u015f\u0131nda, K\u00fcrt Ulusal Birlik Partileri ikili bir savunma g\u00fcc\u00fcn\u00fc kesinlikle kabul etmeyece\u011fini ifade ediyor. Ayr\u0131ca, KDP-PKK aras\u0131nda son d\u00f6nemlerde ya\u015fanan problemlerde PYD medyas\u0131n\u0131n Roj Pe\u015fmergelerine sert bir \u015fekilde sald\u0131rm\u0131\u015f olmas\u0131n\u0131n g\u00f6r\u00fc\u015fmeleri nas\u0131l etkileyece\u011fi de cevaplanmay\u0131 bekleyen bir soru.<\/li>\n<\/ul>\n<ul>\n<li>Siyasi tutuklular\u0131n ve kay\u0131p olan (\u00f6ld\u00fcr\u00fcld\u00fc\u011f\u00fc d\u00fc\u015f\u00fcn\u00fclen) ki\u015filerin ak\u0131betleri de derin bir tart\u0131\u015fma konusu olarak kalmaya devam ediyor.<\/li>\n<\/ul>\n<ul>\n<li>H\u00e2lihaz\u0131rda 2 milyon civar\u0131nda K\u00fcrd\u00fcn ya\u015fad\u0131\u011f\u0131 tahmin edilen Suriye\u2019de K\u00fcrt Ulusal Birlik Partileri ve K\u00fcrt Ulusal Konseyi koalisyonlar\u0131nda 40 partinin olmas\u0131 yeterli bir trajedi de\u011filmi\u015f gibi, Suriye K\u00fcrt Demokratik \u0130lerici Partisi (Yayg\u0131n k\u0131sa ismi-Partiya P\u00ea\u015fver\u00fb) ve Birlik Partisi (El-Wehd\u00ea) de birlik g\u00f6r\u00fc\u015fmeleri hususunda \u00e7ekincelerini ortaya koyup, s\u00fcrd\u00fcr\u00fclen g\u00f6r\u00fc\u015fmelere \u00fc\u00e7\u00fcnc\u00fc bir taraf olarak eklemlenmek istiyor. Bahse konu partilerin g\u00f6r\u00fc\u015fmelere kat\u0131lmas\u0131n\u0131 engelleyen taraf\u0131n da K\u00fcrt Ulusal Konseyi oldu\u011fu ifade ediliyor.<\/li>\n<\/ul>\n<ul>\n<li>Birlik g\u00f6r\u00fc\u015fmelerinde sivil toplumdan kimsenin yer almamas\u0131 da ayr\u0131 bir handikap. Her ne kadar K\u00fcrt Ulusal Birlik Partileri ve K\u00fcrt Ulusal Konseyi ileride bu eksikli\u011fi kapataca\u011f\u0131z dese de g\u00f6r\u00fc\u015fmelerin \u00fczerinden 8 aydan fazla bir zaman ge\u00e7mesi ve bu \u201cileride\u201dnin ne kadar ileride oldu\u011funun belli olmamas\u0131, g\u00f6r\u00fc\u015fmelerin ak\u0131beti hususunda ak\u0131llarda soru i\u015faretleri yarat\u0131yor.<\/li>\n<\/ul>\n<ul>\n<li>KDP ve PKK aras\u0131ndaki problemler, Suriye\u2019deki K\u00fcrt diyalo\u011funun alt\u0131n\u0131 oyuyor. Taraflar aras\u0131ndaki medya sava\u015f\u0131 Suriye sahas\u0131na do\u011frudan sirayet ediyor.<\/li>\n<\/ul>\n<ul>\n<li>T\u00fcrkiye\u2019nin birlik g\u00f6r\u00fc\u015fmeleri konusundaki tutumu negatif. Ankara, g\u00f6r\u00fc\u015fmeler konusundaki memnuniyetsizli\u011fini daha \u00f6nce \u00fcst perdeden izhar etti. T\u00fcrkiye\u2019nin K\u00fcrt Ulusal Konseyi\u2019nin Suriye muhalefetinden ayr\u0131lmas\u0131na s\u0131cak bakaca\u011f\u0131na dair herhangi bir veri de elimizde bulunmuyor. Bu nedenle \u0130lham Ahmed\u2019in Suriye muhalefetiyle \u201cortak bir proje\u201d kurma h\u00fclyas\u0131n\u0131n da T\u00fcrkiye vetosuna tak\u0131lmas\u0131na kesin g\u00f6z\u00fcyle bak\u0131labilir.<\/li>\n<\/ul>\n<p>S\u00f6z\u00fcn \u00f6z\u00fc, aylard\u0131r s\u00fcrmesine ra\u011fmen somut sonu\u00e7lar\u0131n hayata ge\u00e7irilemedi\u011fi, se\u00e7im g\u00fcndeminin de yeni bir \u00e7atlak olu\u015fturdu\u011fu birlik g\u00f6r\u00fc\u015fmelerinin ba\u015far\u0131ya ula\u015fmas\u0131 i\u00e7in taraflar\u0131n kat etmesi gereken uzun ve engebeli bir yol var.<\/p>\n<\/div>\n<\/div>\n<\/div>\n<\/div>\n<\/div>\n<\/div>\n<\/div>\n<\/div>\n<\/section>\n<\/div><div class=\"fusion-clearfix\"><\/div><\/div><\/div><\/div><\/div>\n","protected":false},"excerpt":{"rendered":"<p>Biden\u2019\u0131n g\u00f6revi devralmas\u0131 ile beraber \u00d6zerk Y\u00f6netim\u2019in siyasal me\u015fruiyet elde etme aray\u0131\u015f\u0131nda \u00e7abalar\u0131n\u0131 s\u0131kla\u015ft\u0131rmas\u0131 bekleniyor. Biden daha g\u00f6reve ba\u015flamadan \u00d6zerk Y\u00f6netim fig\u00fcrleri Biden\u2019a \u201cbizi siyasi olarak tan\u0131\u201d \u00e7a\u011fr\u0131lar\u0131 yapmaya ba\u015flad\u0131 bile.<\/p>\n","protected":false},"author":57,"featured_media":27343,"comment_status":"closed","ping_status":"closed","sticky":false,"template":"","format":"standard","meta":{"_mo_disable_npp":"","ngg_post_thumbnail":0},"categories":[14655,7094,241],"tags":[],"asf_pub_issue":[],"asf_pub_region":[],"acf":[],"_links":{"self":[{"href":"https:\/\/research.sharqforum.org\/tr\/wp-json\/wp\/v2\/posts\/27342"}],"collection":[{"href":"https:\/\/research.sharqforum.org\/tr\/wp-json\/wp\/v2\/posts"}],"about":[{"href":"https:\/\/research.sharqforum.org\/tr\/wp-json\/wp\/v2\/types\/post"}],"author":[{"embeddable":true,"href":"https:\/\/research.sharqforum.org\/tr\/wp-json\/wp\/v2\/users\/57"}],"replies":[{"embeddable":true,"href":"https:\/\/research.sharqforum.org\/tr\/wp-json\/wp\/v2\/comments?post=27342"}],"version-history":[{"count":2,"href":"https:\/\/research.sharqforum.org\/tr\/wp-json\/wp\/v2\/posts\/27342\/revisions"}],"predecessor-version":[{"id":27351,"href":"https:\/\/research.sharqforum.org\/tr\/wp-json\/wp\/v2\/posts\/27342\/revisions\/27351"}],"wp:featuredmedia":[{"embeddable":true,"href":"https:\/\/research.sharqforum.org\/tr\/wp-json\/wp\/v2\/media\/27343"}],"wp:attachment":[{"href":"https:\/\/research.sharqforum.org\/tr\/wp-json\/wp\/v2\/media?parent=27342"}],"wp:term":[{"taxonomy":"category","embeddable":true,"href":"https:\/\/research.sharqforum.org\/tr\/wp-json\/wp\/v2\/categories?post=27342"},{"taxonomy":"post_tag","embeddable":true,"href":"https:\/\/research.sharqforum.org\/tr\/wp-json\/wp\/v2\/tags?post=27342"},{"taxonomy":"asf_pub_issue","embeddable":true,"href":"https:\/\/research.sharqforum.org\/tr\/wp-json\/wp\/v2\/asf_pub_issue?post=27342"},{"taxonomy":"asf_pub_region","embeddable":true,"href":"https:\/\/research.sharqforum.org\/tr\/wp-json\/wp\/v2\/asf_pub_region?post=27342"}],"curies":[{"name":"wp","href":"https:\/\/api.w.org\/{rel}","templated":true}]}}