{"id":28092,"date":"2021-06-15T13:25:12","date_gmt":"2021-06-15T10:25:12","guid":{"rendered":"https:\/\/research.sharqforum.org\/?p=28092"},"modified":"2021-06-15T13:27:09","modified_gmt":"2021-06-15T10:27:09","slug":"kuzeydogu-suriyede-rejim-pyd-geriliminde-yeni-perde","status":"publish","type":"post","link":"https:\/\/research.sharqforum.org\/tr\/2021\/06\/15\/kuzeydogu-suriyede-rejim-pyd-geriliminde-yeni-perde\/","title":{"rendered":"Kuzeydo\u011fu Suriye\u2019de Rejim-PYD Geriliminde Yeni Perde"},"content":{"rendered":"<div class=\"fusion-fullwidth fullwidth-box fusion-builder-row-1 nonhundred-percent-fullwidth non-hundred-percent-height-scrolling\" style=\"--awb-border-radius-top-left:0px;--awb-border-radius-top-right:0px;--awb-border-radius-bottom-right:0px;--awb-border-radius-bottom-left:0px;\" ><div class=\"fusion-builder-row fusion-row\"><div class=\"fusion-layout-column fusion_builder_column fusion-builder-column-0 fusion_builder_column_1_1 1_1 fusion-one-full fusion-column-first fusion-column-last\" style=\"--awb-padding-top:20px;--awb-padding-right:20px;--awb-padding-bottom:20px;--awb-padding-left:20px;--awb-bg-size:cover;--awb-box-shadow:2px 2px 20px 2px #dddddd;;--awb-margin-bottom:0px;\"><div class=\"fusion-column-wrapper fusion-column-has-shadow fusion-flex-column-wrapper-legacy\"><div class=\"fusion-text fusion-text-1\"><p><span style=\"color: #607d8b;\"><strong><em>PYD y\u00f6netimi, \u015eam ve Hmeymim\u2019de Rusya arac\u0131l\u0131\u011f\u0131yla rejim ile ger\u00e7ekle\u015fen uzla\u015fma g\u00f6r\u00fc\u015fmelerinin ba\u015far\u0131s\u0131z oldu\u011funu g\u00f6rd\u00fckten sonra \u015eam rejimi ile k\u00f6pr\u00fcleri b\u00fcy\u00fck oranda atm\u0131\u015fa benziyor.<\/em><\/strong><\/span><\/p>\n<p>Uluslararas\u0131 arenada b\u00fcy\u00fck bir dalga konusu olan Suriye ba\u015fkanl\u0131k se\u00e7imi komedisinin sona ermesinin akabinde, Kuzeydo\u011fu Suriye\u2019de ya\u015fanan geli\u015fmeler dikkatleri yeniden PYD kontrol\u00fcndeki \u00d6zerk Y\u00f6netim alanlar\u0131na yo\u011funla\u015ft\u0131rd\u0131. Kuzeydo\u011fu Suriye\u2019de kontrol etti\u011fi Arap yo\u011funluklu b\u00f6lgelerde s\u0131kl\u0131kla problem ya\u015fayan \u00d6zerk \u0130dare son d\u00f6nemlerde farkl\u0131 b\u00f6lgelerde yeni bir protesto dalgas\u0131n\u0131n hedefi h\u00e2line geldi. Bahse konu protesto dalgas\u0131 Esed rejimine se\u00e7im tiyatrosu vas\u0131tas\u0131yla bir me\u015fruiyet elbisesi giydirilmeye \u00e7al\u0131\u015f\u0131lan d\u00f6nemin \u00f6ncesi ve sonras\u0131nda vuku buldu.<\/p>\n<p>Suriye rejimi ve SDG\/\u00d6zerk \u0130dare aras\u0131nda 2020 y\u0131l\u0131n\u0131n sonundan itibaren kademeli olarak artan bir gerginlik s\u00fcreci ya\u015fanm\u0131\u015ft\u0131. \u00d6n\u00fcm\u00fczdeki s\u00fcre\u00e7te de Esed rejiminin SDG\u2019nin kontrol etmekte zorland\u0131\u011f\u0131 Arap yo\u011funluklu b\u00f6lgelerdeki problemleri kullanarak PYD y\u00f6netimine y\u00f6nelik bir isyan dalgas\u0131n\u0131 k\u00f6r\u00fcklemesi muhtemel g\u00f6r\u00fcn\u00fcyor.<\/p>\n<p><strong>SDG ve Suriye Rejimi Aras\u0131nda Kademeli Olarak Artan Gerilim<\/strong><\/p>\n<p>Rejim ve SDG\/\u00d6zerk Y\u00f6netim aras\u0131nda 2020 y\u0131l\u0131n\u0131n son d\u00f6neminden itibaren kademeli olarak artan gerilimli bir s\u00fcre\u00e7 ya\u015fand\u0131. 2020 Aral\u0131k ay\u0131ndan itibaren Haseke ve Kam\u0131\u015fl\u0131\u2019da iki taraf aras\u0131nda ciddi bir gerilim ya\u015fanm\u0131\u015f,&nbsp;<a href=\"https:\/\/www.perspektif.online\/suriye-rejimi-sdg-ile-catisir-mi\/\" target=\"_blank\" rel=\"noopener\">Ayn \u0130sa krizi<\/a>&nbsp;ile beraber taraflar kar\u015f\u0131l\u0131kl\u0131 olarak birbirlerinin kontrol alanlar\u0131na d\u00f6n\u00fck ku\u015fatma uygulam\u0131\u015flard\u0131. Bu gerilimli s\u00fcre\u00e7te taraflar aras\u0131nda \u00e7at\u0131\u015fmalar ya\u015fanm\u0131\u015f, her iki taraftan hayat\u0131n\u0131 kaybedenler olmu\u015ftu. M\u00fcteakip aylarda da iki taraf aras\u0131nda gerginlik devam etmi\u015f Nisan ay\u0131nda Kam\u0131\u015fl\u0131\u2019n\u0131n Tay Mahallesi\u2019nde, \u00d6zerk \u0130dare\u2019nin i\u00e7 g\u00fcvenlik birimi olan Asayi\u015f ve rejim destekli Ulusal Savunma G\u00fc\u00e7leri aras\u0131nda ya\u015fanan \u00e7at\u0131\u015fmalar sonras\u0131 SDG mahallenin neredeyse tamam\u0131n\u0131 ele ge\u00e7irmi\u015fti. Bu \u00e7at\u0131\u015fmalarda da yine iki taraftan&nbsp;<a href=\"https:\/\/www.rudaw.net\/english\/middleeast\/syria\/22042021\" target=\"_blank\" rel=\"noopener\">can kay\u0131plar\u0131<\/a>&nbsp;ya\u015fanm\u0131\u015ft\u0131.<\/p>\n<p>Rejim ve SDG aras\u0131ndaki problemler ya\u015fanan \u00e7at\u0131\u015fmalarla da s\u0131n\u0131rl\u0131 kalm\u0131yor. Hem rejim hem de \u00d6zerk \u0130dare, kar\u015f\u0131 tarafa bask\u0131 uygulay\u0131p muhtelif konularda birbirlerinden taviz koparabilmek ad\u0131na b\u00f6lgeleri aras\u0131ndaki ticari&nbsp;<a href=\"https:\/\/syriadirect.org\/a-war-of-crossings-between-the-regime-and-the-sdf-who-loses\/\" target=\"_blank\" rel=\"noopener\">ge\u00e7i\u015f kap\u0131lar\u0131n\u0131<\/a>&nbsp;kapatarak birbirlerine ekonomik anlamda da bask\u0131 uyguluyorlar. \u00d6rne\u011fin Esed rejimi mart ay\u0131nda \u00d6zerk \u0130dare alanlar\u0131na a\u00e7\u0131lan 5 kap\u0131dan&nbsp;<a href=\"https:\/\/syriadirect.org\/a-war-of-crossings-between-the-regime-and-the-sdf-who-loses\/\" target=\"_blank\" rel=\"noopener\">4\u2019\u00fcn\u00fc<\/a>&nbsp;kapatma karar\u0131 alm\u0131\u015ft\u0131. Kap\u0131lar\u0131n kapanmas\u0131 hem insan hem de ticari \u00fcr\u00fcnlerin ge\u00e7i\u015fini engelleyerek taraflar aras\u0131nda gerginli\u011fi artt\u0131r\u0131yor. PYD idaresi de zaman zaman rejim alanlar\u0131na petrol ve bu\u011fday ak\u0131\u015f\u0131n\u0131 keserek rejim alanlar\u0131ndaki krizi daha da k\u00f6t\u00fcle\u015ftiriyor.<\/p>\n<p>Ge\u00e7i\u015fleri kapatman\u0131n son \u00f6rne\u011fi Suriye ba\u015fkanl\u0131k se\u00e7iminin hemen \u00f6ncesine denk geldi. Se\u00e7imler ger\u00e7ekle\u015fmeden \u00f6nce PYD g\u00fcd\u00fcm\u00fcndeki y\u00f6netim iki b\u00f6lge aras\u0131ndaki ge\u00e7i\u015fleri k\u0131sa bir s\u00fcreli\u011fine kapat\u0131p akabinde yeniden&nbsp;<a href=\"https:\/\/npasyria.com\/en\/59945\/\" target=\"_blank\" rel=\"noopener\">a\u00e7t\u0131<\/a>. Bunlar\u0131n yan\u0131 s\u0131ra, rejimin t\u00fcm isteklerine ra\u011fmen, SDG\u2019nin siyasi aya\u011f\u0131 olan Suriye Demokratik Meclisi (SDM) ba\u015fkanl\u0131k se\u00e7iminin bir par\u00e7as\u0131 olmama karar\u0131 ald\u0131. Bu do\u011frultuda \u00d6zerk Y\u00f6netim alanlar\u0131nda ba\u015fkanl\u0131k se\u00e7imlerine izin verilmedi. Ancak yine de Kam\u0131\u015fl\u0131 ve Haseke\u2019de rejim kontrol\u00fcndeki alanlar olan g\u00fcvenlik karelerinde \u00e7ok k\u0131s\u0131tl\u0131 da olsa se\u00e7ime kat\u0131l\u0131m oldu.<\/p>\n<p>PYD y\u00f6netimi, \u015eam ve Hmeymim\u2019de Rusya arac\u0131l\u0131\u011f\u0131yla rejim ile ger\u00e7ekle\u015fen uzla\u015fma&nbsp;<a href=\"https:\/\/research.sharqforum.org\/2020\/10\/28\/the-transformation-struggle-of-the-pyd-localization-tendency-as-a-method-of-gaining-legitimacy\/\">g\u00f6r\u00fc\u015fmelerinin<\/a>&nbsp;ba\u015far\u0131s\u0131z oldu\u011funu g\u00f6rd\u00fckten sonra \u015eam rejimi ile k\u00f6pr\u00fcleri b\u00fcy\u00fck oranda atm\u0131\u015fa benziyor. Bu durum Suriye Demokratik Meclisi\u2019nin devlet ba\u015fkanl\u0131\u011f\u0131 se\u00e7imi \u00f6ncesinde yay\u0131mlad\u0131\u011f\u0131&nbsp;<a href=\"https:\/\/m-syria-d.com\/en\/?p=3015\" target=\"_blank\" rel=\"noopener\">bildiride<\/a>&nbsp;net olarak g\u00f6r\u00fcn\u00fcyor. SDM yay\u0131mlad\u0131\u011f\u0131 bildiride taraflar aras\u0131nda ger\u00e7ekle\u015fen siyasi g\u00f6r\u00fc\u015fmelerin ba\u015far\u0131s\u0131z olmas\u0131ndan rejimi sorumlu tutarak, se\u00e7imin Suriye halk\u0131n\u0131n ama\u00e7lar\u0131n\u0131 yerine getirmedi\u011fini belirtiyor. Ayr\u0131ca SDM bildiride Birle\u015fmi\u015f Milletler G\u00fcvenlik Kurulu\u2019nun 2254 say\u0131l\u0131 karar\u0131na at\u0131fta bulunup, Suriyelilere d\u00f6n\u00fck su\u00e7lardan rejim ve muhalefet i\u00e7indeki a\u015f\u0131r\u0131c\u0131lar\u0131 su\u00e7luyor. K\u0131saca biriken b\u00fct\u00fcn bu sorunlar iki taraf aras\u0131nda zaten zay\u0131f olan ba\u011flar\u0131 daha da erozyona u\u011fratm\u0131\u015f gibi duruyor.<\/p>\n<p><strong>Kuzeydo\u011fu Suriye\u2019de Artan Ekonomik Problemler<\/strong><\/p>\n<p>Yukar\u0131da zikredilen siyasi ve g\u00fcvenlik sorunlar\u0131n\u0131n yan\u0131nda \u00d6zerk \u0130dare\u2019nin kontrol\u00fc alt\u0131nda bulunan Kuzeydo\u011fu Suriye, Suriye\u2019nin di\u011fer b\u00f6lgeleri gibi derin ekonomik problemlerle malul. SDG, Suriye\u2019de bulunan petrol alanlar\u0131n\u0131n %70\u2019ini ve \u00fclkedeki geni\u015f verimli tar\u0131m topraklar\u0131n\u0131 kontrol\u00fc alt\u0131nda bulundurmas\u0131na ra\u011fmen Kuzeydo\u011fu Suriye\u2019deki ekonomik problemler b\u00fcy\u00fcyor. Durumun daha da k\u00f6t\u00fcle\u015fece\u011fine dair elimizde birka\u00e7 veri var.<\/p>\n<p>\u00d6ncelikle bu d\u00f6nem Suriye \u00e7ok ciddi bir kurakl\u0131k d\u00f6nemi ya\u015fad\u0131. Bu durum do\u011fal olarak hasat miktar\u0131n\u0131 b\u00fcy\u00fck oranda azaltt\u0131. T\u00fcrkiye\u2019den Suriye\u2019ye F\u0131rat nehri \u00fczerinden akan su miktar\u0131nda ya\u015fanan azalma da bu duruma do\u011frudan etki etti. F\u0131rat\u2019tan akan suyun azalmas\u0131 sebebiyle T\u00fcrkiye\u2019yi&nbsp;<a href=\"https:\/\/npasyria.com\/en\/59951\/\" target=\"_blank\" rel=\"noopener\">su\u00e7layan<\/a>&nbsp;\u00d6zerk \u0130dare ve SDG buna kar\u015f\u0131l\u0131k olarak muhalif b\u00f6lgelere Ti\u015frin baraj\u0131 \u00fczerinden verilen elektri\u011fi&nbsp;<a href=\"https:\/\/www.al-monitor.com\/originals\/2021\/05\/turkey-russia-pressure-sdf-restore-electricity-northeast-syria\" target=\"_blank\" rel=\"noopener\">kesti<\/a>. Suriye\u2019de ya\u015fanan kurakl\u0131k nedeniyle ana maddesi bu\u011fday olan pek \u00e7ok maddenin \u00fcretiminde&nbsp;<a href=\"https:\/\/www.al-monitor.com\/originals\/2021\/06\/bread-crisis-looms-syria-amid-low-wheat-production\" target=\"_blank\" rel=\"noopener\">kriz ya\u015fanmas\u0131<\/a>&nbsp;ve bu\u011fdaydan elde edilen \u00fcr\u00fcnlerin fiyatlar\u0131n\u0131n artmas\u0131 bekleniyor. \u00d6zerk \u0130dare Kuzeydo\u011fu Suriye\u2019de \u00fcretilen bu\u011fday ve arpan\u0131n b\u00f6lge d\u0131\u015f\u0131na \u00e7\u0131kmamas\u0131 i\u00e7in asl\u0131nda \u00fcreticilere rejimin teklif etti\u011finden daha y\u00fcksek bir fiyat teklif etti. Bunun yan\u0131nda, idareden fig\u00fcrler \u00e7ift\u00e7ilere ekim yapabilmeleri i\u00e7in gerekli tohumlar\u0131 da temin edeceklerini ilan ettiler. Bu\u011fday ve arpan\u0131n SDG kontrol\u00fcndeki alanlarda kalmas\u0131 rejim alanlar\u0131na olumsuz bir \u015fekilde yans\u0131yacakt\u0131r ki bu nedenle taraflar aras\u0131ndaki gerginli\u011fin artaca\u011f\u0131n\u0131 tahmin etmek zor olmaz.<\/p>\n<p>Esasen, kurakl\u0131k \u00f6ncesinde de Kuzeydo\u011fu Suriye dahil olmak \u00fczere Suriye\u2019nin muhtelif b\u00f6lgelerinde&nbsp;<a href=\"https:\/\/www.hrw.org\/news\/2021\/03\/21\/syria-bread-crisis-exposes-government-failure\" target=\"_blank\" rel=\"noopener\">ekmek krizi<\/a>&nbsp;zaten ya\u015fan\u0131yordu. Kurakl\u0131k sadece h\u00e2lihaz\u0131rdaki k\u00f6t\u00fc durumu h\u0131zland\u0131ran bir kataliz\u00f6r i\u015flevi g\u00f6recek. \u00dclkede ekmek krizlerine m\u00fctemadiyen akaryak\u0131t ve gaz krizleri de e\u015flik ediyor. Bu vahim durum \u00f6n\u00fcm\u00fczdeki d\u00f6nemde de iyile\u015fece\u011fe benzemiyor. Ayr\u0131ca, kurakl\u0131k hayvanc\u0131l\u0131k sekt\u00f6r\u00fcn\u00fc de ciddi \u015fekilde etkilemi\u015f durumda. Kuzeydo\u011fu Suriye\u2019de pek \u00e7ok ki\u015fi hayvan\u0131na yem bulamamaktan veyahut var olan yemlerin y\u00fcksek fiyat\u0131ndan \u015fik\u00e2yet ediyor vaziyette. Bu nedenle pek \u00e7ok hayvan besicisi hayvanlar\u0131n\u0131 ucuz fiyatlardan ellerinden \u00e7\u0131kar\u0131yor.<\/p>\n<p>Bunlar\u0131n yan\u0131nda, Kuzeydo\u011fu Suriye\u2019de ekonomik durumu k\u00f6t\u00fcle\u015fen \u00d6zerk \u0130dare may\u0131s ay\u0131n\u0131n ortalar\u0131nda akaryak\u0131t fiyatlar\u0131nda b\u00fcy\u00fck bir art\u0131\u015fa gitti. Akaryak\u0131t ve gaz fiyatlar\u0131nda %200-300\u2019l\u00fck bir art\u0131\u015f karar\u0131 alan y\u00f6netim protestolar\u0131n oda\u011f\u0131 h\u00e2line geldi. Bu karara idarenin i\u00e7erisinden dahi&nbsp;<a href=\"https:\/\/www.rudaw.net\/english\/middleeast\/syria\/19052021\" target=\"_blank\" rel=\"noopener\">baz\u0131 partiler<\/a>&nbsp;tepki g\u00f6sterip zam karar\u0131n\u0131n kendilerine dan\u0131\u015f\u0131lmadan al\u0131nd\u0131\u011f\u0131n\u0131 ifade ederek s\u00f6z konusu karar\u0131n d\u00fczeltilmesi gerekti\u011fini savundular. Her ne kadar \u00d6zerk \u0130dare petrol\u00fcn \u00e7\u0131kar\u0131lma maliyetini kar\u015f\u0131lama ve rejim alanlar\u0131na do\u011fru yap\u0131lan&nbsp;<a href=\"https:\/\/www.al-monitor.com\/originals\/2021\/05\/why-kurdish-authorities-northeast-syria-canceled-fuel-price-hikes\" target=\"_blank\" rel=\"noopener\">ka\u00e7ak\u00e7\u0131l\u0131\u011f\u0131 engelleme<\/a>&nbsp;amac\u0131yla zam karar\u0131n\u0131 ald\u0131\u011f\u0131n\u0131 belirtse de mezk\u00fbr karar\u0131n k\u00f6t\u00fcle\u015fen ekonomik durum nedeniyle al\u0131nd\u0131\u011f\u0131 ve y\u00f6netimin gelirini bu \u015fekilde artt\u0131rmaya \u00e7abalad\u0131\u011f\u0131 g\u00f6r\u00fcl\u00fcyor. Zam karar\u0131 nedeniyle ger\u00e7ekle\u015fen&nbsp;<a href=\"https:\/\/www.rudaw.net\/english\/middleeast\/syria\/180520211\" target=\"_blank\" rel=\"noopener\">protestolarda<\/a>&nbsp;Asayi\u015f\u2019in m\u00fcdahalesi sonucu Arap yo\u011funluklu \u015eeddadi\u2019de hayat\u0131n\u0131&nbsp;<a href=\"https:\/\/www.al-monitor.com\/originals\/2021\/05\/why-kurdish-authorities-northeast-syria-canceled-fuel-price-hikes\" target=\"_blank\" rel=\"noopener\">kaybedenler<\/a>&nbsp;oldu. Asayi\u015f, beklendi\u011fi \u00fczere, olaylarda yabanc\u0131 ba\u011flant\u0131 ve ajandalara hizmet eden ki\u015filerin rol\u00fc oldu\u011funu savunan bir&nbsp;<a href=\"https:\/\/www.facebook.com\/OfficalSiteOfAsayish\/posts\/113762917540336\" target=\"_blank\" rel=\"noopener\">a\u00e7\u0131klamada<\/a>&nbsp;bulundu. SDG de yine benzer bir a\u00e7\u0131klamada \u015eeddadi\u2019deki protestolarda maskeli ki\u015filerin g\u00fcvenlik g\u00fc\u00e7lerine sald\u0131rd\u0131\u011f\u0131n\u0131 ifade ederek, protestolar\u0131n&nbsp;<a href=\"http:\/\/sdf-press.com\/en\/2021\/05\/regarding-the-events-of-shaddada-to-our-people-and-public-opinion\/\" target=\"_blank\" rel=\"noopener\">g\u00fcvenlik ve istikrar\u0131 hedef alan<\/a>&nbsp;ara\u00e7lar h\u00e2line gelmemesi gerekti\u011fini savundu. Ya\u015fanan yo\u011fun protestolar ve \u00f6l\u00fcmler sonucunda \u00d6zerk \u0130dare zam karar\u0131n\u0131&nbsp;<a href=\"https:\/\/www.rudaw.net\/english\/middleeast\/syria\/19052021\" target=\"_blank\" rel=\"noopener\">geri almak<\/a>&nbsp;mecburiyetinde kald\u0131.<\/p>\n<p>Bu geli\u015fmelerin yan\u0131nda, Biden y\u00f6netimi, Donald Trump zaman\u0131nda \u00d6zerk Y\u00f6netim ile Delta Crescent Energy aras\u0131nda petrol \u00e7\u0131kar\u0131m\u0131\/\u00fcretimi i\u00e7in yap\u0131lan anla\u015fmay\u0131 etkileyecek bir karar ald\u0131. ABD y\u00f6netimi \u015firkete sa\u011flanan yapt\u0131r\u0131mlardan muafiyet karar\u0131n\u0131 uzatmama karar\u0131 ald\u0131. Bu karar iki a\u00e7\u0131dan PYD y\u00f6netimi i\u00e7in k\u00f6t\u00fc bir haber. Birincisi bu \u015firketin Kuzeydo\u011fu Suriye\u2019deki petrol sahalar\u0131n\u0131 modernle\u015ftirmesi \u00f6ng\u00f6r\u00fcl\u00fcyordu. Bu a\u00e7\u0131dan, petrol sahalar\u0131 bundan sonra dezavantajl\u0131 bir durumda olacak. \u0130kinci olarak ise \u00d6zerk Y\u00f6netim uzunca bir s\u00fcredir ABD ile olan ili\u015fkisini \u00e7e\u015fitlendirmeye \u00e7al\u0131\u015f\u0131yordu. Yani, ABD ve SDG aras\u0131ndaki g\u00fcvenlik odakl\u0131 ili\u015fkinin di\u011fer alanlarla desteklenerek, ABD asker\u00ee g\u00fcc\u00fcn\u00fcn Kuzeydo\u011fu Suriye\u2019de kalmas\u0131n\u0131n garanti alt\u0131na al\u0131nmas\u0131na \u00e7al\u0131\u015f\u0131yordu. \u00c7e\u015fitlenen ili\u015fkilerin de siyasal stat\u00fc elde etmesine olumlu katk\u0131da bulunaca\u011f\u0131n\u0131 \u00f6ng\u00f6r\u00fcyordu \u00d6zerk Y\u00f6netim. Bu haberin d\u0131\u015f\u0131nda ABD taraf\u0131ndan SDG i\u00e7in bir olumsuz haber daha geldi. Pentagon\u2019un 2022 y\u0131l\u0131 b\u00fct\u00e7esinde I\u015e\u0130D ile m\u00fccadele i\u00e7in ay\u0131rd\u0131\u011f\u0131 b\u00fct\u00e7enin azald\u0131\u011f\u0131 g\u00f6r\u00fcl\u00fcyor. SDG\u2019ye verilen mali destek de bu do\u011frultuda azalacak. Dikkate de\u011fer bir nokta da \u015fu: Pentagon 2022 b\u00fct\u00e7esi bir \u00f6nceki y\u0131la nazaran&nbsp;<a href=\"https:\/\/www.rudaw.net\/english\/middleeast\/29052021\" target=\"_blank\" rel=\"noopener\">10 milyar<\/a>&nbsp;dolar b\u00fcy\u00fcmesine ra\u011fmen bu k\u0131s\u0131tlamaya gidiyor. 2021 y\u0131l\u0131 b\u00fct\u00e7esinde Suriye\u2019deki partnerleri i\u00e7in&nbsp;<a href=\"https:\/\/nationalsecurityzone.medill.northwestern.edu\/blog\/2020\/military\/2021-defense-budget-proposal-suggests-further-challenges-for-u-s-partnerships-in-the-middle-east\/\" target=\"_blank\" rel=\"noopener\">200 milyon dolar<\/a>&nbsp;ay\u0131ran ABD, bu miktar\u0131&nbsp;<a href=\"https:\/\/comptroller.defense.gov\/Portals\/45\/Documents\/defbudget\/FY2022\/FY2022_Budget_Request_Overview_Book.pdf\" target=\"_blank\" rel=\"noopener\">177 milyon dolara<\/a>&nbsp;d\u00fc\u015f\u00fcrm\u00fc\u015f durumda. Bu noktalar g\u00f6z \u00f6n\u00fcnde bulunduruldu\u011funda, ekonomik kaynakl\u0131 problemlerin artmas\u0131 Kuzeydo\u011fu Suriye\u2019de \u00f6n\u00fcm\u00fczdeki d\u00f6nemlerde ekonomi kaynakl\u0131 yeni bir protesto dalgas\u0131na sebebiyet verebilir.<\/p>\n<p><strong>Menbic Denklemi<\/strong><\/p>\n<p>Suriye\u2019nin Arap yo\u011funluklu b\u00f6lgelerinin \u00d6zerk \u0130dare i\u00e7in farkl\u0131 alanlarda sorun yaratt\u0131\u011f\u0131n\u0131 yukar\u0131da ifade ettim. Bu alanlardan biri de zorunlu askerlik. SDG\u2019nin 2014 y\u0131l\u0131ndan beri \u201c\u00d6z Savunma G\u00f6revi\u201d ad\u0131 alt\u0131nda uygulad\u0131\u011f\u0131 zorunlu askerlik asl\u0131nda hem Arap n\u00fcfusun hem de K\u00fcrt n\u00fcfusun tepkisine neden oluyor. ENKS-PYD aras\u0131nda ger\u00e7ekle\u015fen ve h\u00e2lihaz\u0131rda duran birlik g\u00f6r\u00fc\u015fmelerinde \u00e7\u00f6z\u00fcme kavu\u015fturulmas\u0131 beklenen mevzulardan biri de zorunlu askerlik idi. Zira, zorunlu askerlik g\u00f6revini yerine getirmek istemeyen \u00e7ok say\u0131da ki\u015finin Suriye d\u0131\u015f\u0131na ka\u00e7t\u0131\u011f\u0131 hem Arap hem de K\u00fcrt kaynaklar taraf\u0131ndan ifade ediliyor. \u00d6zerk \u0130dare akaryak\u0131t ve gaz zamm\u0131 nedeniyle ger\u00e7ekle\u015fen protestolardan ba\u015f\u0131n\u0131 hen\u00fcz do\u011frultabilmi\u015fken, Menbic\u2019de 31 May\u0131s\u2019ta olaylar vuku bulmaya ba\u015flad\u0131. SDG\u2019nin son d\u00f6nemdeki zorunlu askerlik kampanyas\u0131na kar\u015f\u0131 \u00e7\u0131kan ve b\u00f6lgenin k\u00f6t\u00fc ekonomik durumundan \u015fik\u00e2yet eden ki\u015filer b\u00f6lgede protestolar d\u00fczenledi. Menbic gibi Arap yo\u011funluklu olan Do\u011fu Suriye\u2019de de bu konuda daha \u00f6nce benzer protestolar d\u00fczenlenmi\u015fti.<\/p>\n<p>Menbic\u2019de g\u00f6steriler ba\u015flad\u0131ktan sonra ya\u015fanan olaylara Asayi\u015f\u2019in sert m\u00fcdahalesi sonucu&nbsp;<a href=\"https:\/\/www.reuters.com\/world\/middle-east\/eight-killed-protests-against-kurdish-led-forces-northern-syrian-city-2021-06-01\/\" target=\"_blank\" rel=\"noopener\">sekiz<\/a>&nbsp;ki\u015fi \u00f6ld\u00fc, onlarca ki\u015fi de yaraland\u0131. Olaylar sonucunda b\u00f6lgenin ileri gelenleri ve a\u015firet reisleriyle bir araya gelen Menbic Sivil \u0130daresi ve Menbic Askeri Meclisi zorunlu askerli\u011fin bir s\u00fcreli\u011fine ertelendi\u011fini, zorunlu askerlik karar\u0131n\u0131n yetkililerle yeniden de\u011ferlendirilece\u011fini, g\u00f6sterilerde tutuklananlar\u0131n serbest b\u0131rak\u0131laca\u011f\u0131n\u0131 ve bir komite kurarak \u00f6l\u00fcmlerden sorumlu olanlar\u0131 tespit edip sorumlulardan hesap sorulaca\u011f\u0131n\u0131&nbsp;<a href=\"https:\/\/npasyria.com\/en\/60306\/\" target=\"_blank\" rel=\"noopener\">ilan etti<\/a>. Ne var ki, \u201c\u00d6z Savunma G\u00f6revi\u201d tamamen iptal edilmeden bu sorunlar\u0131n devam etmesine kesin g\u00f6z\u00fcyle bak\u0131labilir.<\/p>\n<p><strong>SDG\u2019ye D\u00f6n\u00fck Artmas\u0131 Muhtemel Yerel Direni\u015f<\/strong><\/p>\n<p>Yukar\u0131da bahsedilen nedenler sebebiyle Kuzeydo\u011fu Suriye\u2019de yeni protesto dalgalar\u0131n\u0131n ya\u015fanmas\u0131 olas\u0131. B\u00f6lgede giderek derinle\u015fen ekonomik problemleri kullanarak Suriye rejiminin, \u00f6n\u00fcm\u00fczdeki zaman diliminde \u00f6zellikle SDG kontrol\u00fcndeki Arap yo\u011funluklu b\u00f6lgelerde yerel bir direni\u015fi k\u0131\u015fk\u0131rtmas\u0131 olas\u0131 g\u00f6r\u00fcn\u00fcyor. Yukar\u0131da zikretti\u011fimiz Haseke\u2019deki ku\u015fatma, Ayn \u0130sa krizi, Tay Mahallesi\u2019nde ya\u015fanan \u00e7at\u0131\u015fmalar, insan ve ticari mallar\u0131n ge\u00e7i\u015fini sa\u011flayan ge\u00e7i\u015flerin kapat\u0131lmas\u0131 gibi nedenler y\u00fcz\u00fcnden rejim zaten uzunca bir s\u00fcredir SDG\/\u00d6zerk Y\u00f6netim\u2019e bilenmi\u015f durumdayd\u0131. Son kertede, kontrol etti\u011fi b\u00f6lgelerde ba\u015fkanl\u0131k se\u00e7imine izin vermemesi nedeniyle, rejimin \u00d6zerk \u0130dare\u2019ye olan bu bilenme halinin artt\u0131\u011f\u0131n\u0131 s\u00f6yleyebiliriz. SDG yetkilileri de zaten Menbic\u2019deki olaylarda rejimin parma\u011f\u0131 oldu\u011funu iddia etti. Hatta Menbic Askeri Meclisi s\u00f6zc\u00fcs\u00fc \u015eervan Dervi\u015f, Menbic\u2019de \u00f6lenlerin rejim kur\u015funlar\u0131yla \u00f6ld\u00fc\u011f\u00fcn\u00fc dahi iddia ederek ak\u0131llara ziyan bir&nbsp;<a href=\"https:\/\/www.facebook.com\/kurmancirudaw\/posts\/4126569714063942\" target=\"_blank\" rel=\"noopener\">a\u00e7\u0131klamada<\/a>&nbsp;bulundu. Dervi\u015f\u2019e g\u00f6re, rejim me\u015fru talepleri olan protestocular\u0131 manip\u00fcle etmek suretiyle b\u00f6lgede kaosa neden olup, SDG\u2019den se\u00e7im intikam\u0131n\u0131 almak istedi. Rejim d\u0131\u015f\u0131nda, Menbic\u2019deki olaylardan ikincil olarak T\u00fcrkiye\u2019yi de su\u00e7lad\u0131 s\u00f6zc\u00fc.<\/p>\n<p>Menbic\u2019in stratejik \u00f6nemi b\u00f6lgede ya\u015fanan son geli\u015fmelerin ehemmiyetini artt\u0131r\u0131yor. Menbic asker\u00ee, siyasi ve ticari a\u00e7\u0131dan \u00f6nemli bir b\u00f6lgede bulunuyor. Hem rejim hem de T\u00fcrkiye\u2019nin g\u00f6z\u00fcn\u00fcn oldu\u011fu bir alan buras\u0131. Menbic gibi SDG kontrol\u00fcndeki Arap yo\u011funluklu b\u00f6lgelerde de yine kronik problemler oldu\u011fu biliniyor. \u00d6zellikle Rakka ve Deyrizor\u2019da SDG kontrol sa\u011flama konusunda ciddi problemler ya\u015f\u0131yor. Deyrizor gibi b\u00f6lgeler petrol zengini olmas\u0131na ra\u011fmen bu b\u00f6lgelerde ekonomik durum parlak de\u011fil. Sava\u015ftan zarar g\u00f6ren Do\u011fu Suriye\u2019deki pek \u00e7ok yer de h\u00e2l\u00e2 imar edilememi\u015f durumda. Ekonomik problemlere bir de g\u00fcvenlik problemleri e\u015flik ediyor. I\u015e\u0130D\u2019in en aktif oldu\u011fu b\u00f6lgelerden biri olan ve s\u00fcrekli olarak suikastlar\u0131n ger\u00e7ekle\u015fti\u011fi bir alan Deyrizor. Ekonomik problemler ve g\u00fcvenlik sorunlar\u0131 nedeniyle SDG ile Arap a\u015firetleri bu b\u00f6lgede defalarca da kar\u015f\u0131 kar\u015f\u0131ya geldi. Her ne kadar SDG, I\u015e\u0130D\u2019e y\u00f6nelik operasyonlar ger\u00e7ekle\u015ftirse de g\u00fcvenlik durumu yeterince kontrol alt\u0131na al\u0131nm\u0131\u015f de\u011fil. Bunlara ek olarak, Arap a\u015firetler aras\u0131ndaki b\u00f6l\u00fcnm\u00fc\u015fl\u00fck de durumu daha bir karma\u015f\u0131kla\u015ft\u0131r\u0131yor. Ayn\u0131 a\u015firet i\u00e7erisinde bir kanat rejime destek verirken, ba\u015fka bir kanat I\u015e\u0130D\u2019le veya SDG ile i\u015f tutmay\u0131 do\u011fru bulabiliyor. Deyrizor\u2019da I\u015e\u0130D\u2019in bu kadar sald\u0131r\u0131 ger\u00e7ekle\u015ftirebilmesinin sebeplerinden biri de zaten \u00f6rg\u00fct\u00fcn Arap a\u015firetlerden h\u00e2l\u00e2 bulabildi\u011fi destek. A\u015firetler aras\u0131ndaki b\u00f6l\u00fcnm\u00fc\u015f yap\u0131 farkl\u0131 akt\u00f6rler aras\u0131nda bir rekabete de neden oluyor. \u00dclkedeki a\u015firetler Suriye sava\u015f\u0131na m\u00fcdahil olan hemen hemen her akt\u00f6r\u00fcn radar\u0131nda oldu bu zamana dek.<\/p>\n<p>Son olarak, T\u00fcrkiye 14 Haziran\u2019da NATO zirvesinde ger\u00e7ekle\u015fmesi beklenen Erdo\u011fan-Biden&nbsp;<a href=\"https:\/\/bianet.org\/english\/world\/245167-biden-erdogan-to-meet-on-june-14-at-nato-summit\" target=\"_blank\" rel=\"noopener\">g\u00f6r\u00fc\u015fmesinde<\/a>&nbsp;ABD taraf\u0131ndan YPG\/PYD konusunda istedi\u011fini bulamazsa, Suriye rejimi ile g\u00f6r\u00fc\u015ferek bu mevzuda istedi\u011fini almaya \u00e7al\u0131\u015fmas\u0131 m\u00fcmk\u00fcn g\u00f6r\u00fcn\u00fcyor ki k\u0131sa bir s\u00fcre \u00f6nce Suriye D\u0131\u015fi\u015fleri Bakan Yard\u0131mc\u0131s\u0131 Be\u015far Caferi de T\u00fcrk ve Suriyeli yetkililer aras\u0131nda baz\u0131 g\u00fcvenlik g\u00f6r\u00fc\u015fmelerinin&nbsp;<a href=\"https:\/\/twitter.com\/putintintin1\/status\/1399376703298887680\" target=\"_blank\" rel=\"noopener\">ger\u00e7ekle\u015fti\u011fini<\/a>&nbsp;teyit etti. Bu noktada ayr\u0131ca, T\u00fcrkiye\u2019nin Arap a\u015firetler \u00fczerinden SDG\u2019ye d\u00f6n\u00fck bir yerel direni\u015fe de destek vermesi olas\u0131 g\u00f6r\u00fcn\u00fcyor. Hatta T\u00fcrkiye destekli muhalefetin kontrol etti\u011fi alanlarda mesk\u00fbn bulunan baz\u0131 a\u015firet \u00fcyeleri SDG\u2019ye kar\u015f\u0131 halk\u0131 mobilize etmek i\u00e7in&nbsp;<a href=\"https:\/\/www.al-monitor.com\/originals\/2021\/05\/syrian-arab-tribes-put-kurdish-administration-notice#ixzz6wX5r5bXx\" target=\"_blank\" rel=\"noopener\">\u00e7a\u011fr\u0131da<\/a>&nbsp;bulunmaya ba\u015flad\u0131lar bile. Has\u0131l\u0131, ekonomik ko\u015fullar\u0131n giderek a\u011f\u0131rla\u015ft\u0131\u011f\u0131 \u00d6zerk \u0130dare b\u00f6lgelerindeki protestolar Menbic ile s\u0131n\u0131rl\u0131 kalmayarak di\u011fer b\u00f6lgelere de zaman i\u00e7erisinde yay\u0131labilir.<\/p>\n<p><strong>Bu yaz\u0131 ilk olarak <a href=\"https:\/\/www.perspektif.online\/kuzeydogu-suriyede-rejim-pyd-geriliminde-yeni-perde\/\" target=\"_blank\" rel=\"noopener\">Perspektif\u2019te yay\u0131mlanm\u0131\u015ft\u0131r.<\/a><\/strong><\/p>\n<\/div><div class=\"fusion-clearfix\"><\/div><\/div><\/div><\/div><\/div>\n","protected":false},"excerpt":{"rendered":"<p>PYD y\u00f6netimi, \u015eam ve Hmeymim\u2019de Rusya arac\u0131l\u0131\u011f\u0131yla rejim ile ger\u00e7ekle\u015fen uzla\u015fma g\u00f6r\u00fc\u015fmelerinin ba\u015far\u0131s\u0131z oldu\u011funu g\u00f6rd\u00fckten sonra \u015eam rejimi ile k\u00f6pr\u00fcleri b\u00fcy\u00fck oranda atm\u0131\u015fa benziyor.<\/p>\n","protected":false},"author":57,"featured_media":28093,"comment_status":"open","ping_status":"open","sticky":false,"template":"","format":"standard","meta":{"_mo_disable_npp":"","ngg_post_thumbnail":0},"categories":[7094,14655,241],"tags":[],"asf_pub_issue":[],"asf_pub_region":[],"acf":[],"_links":{"self":[{"href":"https:\/\/research.sharqforum.org\/tr\/wp-json\/wp\/v2\/posts\/28092"}],"collection":[{"href":"https:\/\/research.sharqforum.org\/tr\/wp-json\/wp\/v2\/posts"}],"about":[{"href":"https:\/\/research.sharqforum.org\/tr\/wp-json\/wp\/v2\/types\/post"}],"author":[{"embeddable":true,"href":"https:\/\/research.sharqforum.org\/tr\/wp-json\/wp\/v2\/users\/57"}],"replies":[{"embeddable":true,"href":"https:\/\/research.sharqforum.org\/tr\/wp-json\/wp\/v2\/comments?post=28092"}],"version-history":[{"count":1,"href":"https:\/\/research.sharqforum.org\/tr\/wp-json\/wp\/v2\/posts\/28092\/revisions"}],"predecessor-version":[{"id":28096,"href":"https:\/\/research.sharqforum.org\/tr\/wp-json\/wp\/v2\/posts\/28092\/revisions\/28096"}],"wp:featuredmedia":[{"embeddable":true,"href":"https:\/\/research.sharqforum.org\/tr\/wp-json\/wp\/v2\/media\/28093"}],"wp:attachment":[{"href":"https:\/\/research.sharqforum.org\/tr\/wp-json\/wp\/v2\/media?parent=28092"}],"wp:term":[{"taxonomy":"category","embeddable":true,"href":"https:\/\/research.sharqforum.org\/tr\/wp-json\/wp\/v2\/categories?post=28092"},{"taxonomy":"post_tag","embeddable":true,"href":"https:\/\/research.sharqforum.org\/tr\/wp-json\/wp\/v2\/tags?post=28092"},{"taxonomy":"asf_pub_issue","embeddable":true,"href":"https:\/\/research.sharqforum.org\/tr\/wp-json\/wp\/v2\/asf_pub_issue?post=28092"},{"taxonomy":"asf_pub_region","embeddable":true,"href":"https:\/\/research.sharqforum.org\/tr\/wp-json\/wp\/v2\/asf_pub_region?post=28092"}],"curies":[{"name":"wp","href":"https:\/\/api.w.org\/{rel}","templated":true}]}}