{"id":35195,"date":"2022-10-26T15:42:50","date_gmt":"2022-10-26T12:42:50","guid":{"rendered":"https:\/\/research.sharqforum.org\/?p=35195"},"modified":"2022-11-21T16:37:18","modified_gmt":"2022-11-21T13:37:18","slug":"turk-yunan-iliskileri","status":"publish","type":"post","link":"https:\/\/research.sharqforum.org\/tr\/2022\/10\/26\/turk-yunan-iliskileri\/","title":{"rendered":"T\u00dcRK-YUNAN \u0130L\u0130\u015eK\u0130LER\u0130 NEREYE G\u0130D\u0130YOR?"},"content":{"rendered":"<div class=\"fusion-fullwidth fullwidth-box fusion-builder-row-1 nonhundred-percent-fullwidth non-hundred-percent-height-scrolling\" style=\"--awb-border-radius-top-left:0px;--awb-border-radius-top-right:0px;--awb-border-radius-bottom-right:0px;--awb-border-radius-bottom-left:0px;\" ><div class=\"fusion-builder-row fusion-row\"><div class=\"fusion-layout-column fusion_builder_column fusion-builder-column-0 fusion_builder_column_1_1 1_1 fusion-one-full fusion-column-first fusion-column-last\" style=\"--awb-padding-top:20px;--awb-padding-right:20px;--awb-padding-bottom:20px;--awb-padding-left:20px;--awb-bg-size:cover;--awb-box-shadow:2px 2px 20px 2px #dddddd;;--awb-margin-bottom:0px;\"><div class=\"fusion-column-wrapper fusion-column-has-shadow fusion-flex-column-wrapper-legacy\"><div class=\"fusion-text fusion-text-1\"><h2 style=\"text-align: justify;\"><span style=\"color: #901235;\">T\u00dcRK-YUNAN \u0130L\u0130\u015eK\u0130LER\u0130 NEREYE G\u0130D\u0130YOR?<\/span><\/h2>\n<p style=\"text-align: justify;\">T\u00fcrkiye ve Yunanistan ili\u015fkilerinde ya\u015fanan gerginlik son zamanlarda giderek daha fazla g\u00f6r\u00fcn\u00fcr h\u00e2le gelmekte ve her iki \u00fclkenin g\u00fcndemini me\u015fgul etmektedir. \u0130kili ili\u015fkilerdeki anla\u015fmazl\u0131k noktalar\u0131 say\u0131ca giderek artarken, sorunlar derinle\u015fmi\u015f, yeni ba\u015fl\u0131klar eklenerek \u00f6nceki sorun tan\u0131mlar\u0131n\u0131 daha da karma\u015f\u0131k bir vaziyete getirmi\u015ftir. Pek \u00e7ok sorunun temeli egemenlik payla\u015f\u0131m\u0131na dayanmakta olup gerek karada gerek deniz ve havada bu payla\u015f\u0131m sorunu son y\u0131llarda \u00e7at\u0131\u015fmac\u0131 politikalar ve \u00fc\u00e7\u00fcnc\u00fc taraflar\u0131n b\u00f6lgedeki siyasi tercihleri ve manevralar\u0131 ile iyice i\u00e7inden \u00e7\u0131k\u0131lmaz bir h\u00e2l alm\u0131\u015ft\u0131r.<\/p>\n<h2 style=\"text-align: justify;\"><span style=\"color: #901235;\"><strong>SORUNLARI VE ROLLER\u0130 GER\u00c7EK\u00c7\u0130 B\u0130R ZEM\u0130NDE TANIMLAYAB\u0130LMEK<\/strong><\/span><\/h2>\n<p style=\"text-align: justify;\">Bug\u00fcnden geriye do\u011fru bir okuma ile ya\u015fanan sorunlar\u0131 anlamak i\u00e7in, <a href=\"https:\/\/research.sharqforum.org\/tr\/2020\/09\/01\/turkiyenin-mevcut-stratejisi-yunanistani-muzakere-masasina-cekme-esasina-dayaniyor\/\" target=\"_blank\" rel=\"noopener\" data-schema-attribute=\"mentions\">Yunan<\/a> h\u00fck\u00fcmetinin tercihleri ve e\u011filimlerine referans vererek ba\u015flamak gerekir. Yunanistan\u2019daki h\u00fck\u00fcmet ve liderli\u011fin en \u00f6nemli etkisi ABD ile var olan ittifak ili\u015fkisini ko\u015fulsuz m\u00fcttefiklik h\u00e2line \u00e7evirmesidir. M\u00fcttefiklik ruhunun gere\u011fi olarak sunulan bu yakla\u015f\u0131m Yunanistan\u2019\u0131 jeopolitik anlamda daha de\u011ferli bir h\u00e2le getirmek ad\u0131na istenen her \u015feyi sorgusuz sualsiz yerine getirmek olarak tan\u0131mlanabilir. Buradaki de\u011fer ifadesi, T\u00fcrkiye\u2019ye alternatif bir jeopolitik akt\u00f6r olmak ile \u00f6l\u00e7\u00fclmektedir.<\/p>\n<p style=\"text-align: justify;\">Temel hedef ise T\u00fcrkiye ile ya\u015fanan sorunlar\u0131 ABD g\u00fcc\u00fcn\u00fc kullanarak kendi lehine \u00e7\u00f6zme zeminini haz\u0131rlamakt\u0131r. Bu noktada bahsedilen g\u00fc\u00e7 sadece diplomatik g\u00fc\u00e7 olmaktan \u00e7\u0131kar\u0131lm\u0131\u015f ve askeri g\u00fc\u00e7le de ili\u015fkilendirilmi\u015ftir. ABD askeri personeli, te\u00e7hizatlar\u0131yla uzun s\u00fcreler i\u00e7in Yunanistan\u2019da olu\u015fturulmu\u015f pek \u00e7ok \u00fcsse yerle\u015fmi\u015ftir. Bunun sonucu olarak, Yunanistan, kendisini askeri anlamda her zaman T\u00fcrkiye kar\u015f\u0131s\u0131nda daha zay\u0131f ve k\u00fc\u00e7\u00fck bir akt\u00f6r g\u00f6rme ve buna g\u00f6re hareket etme tercihinden uzakla\u015fma e\u011filimi g\u00f6stermektedir. Yeni g\u00fc\u00e7 konfig\u00fcrasyonu ile T\u00fcrkiye\u2019nin \u201chak etti\u011fi\u201d kadar\u0131n\u0131 almas\u0131 ve di\u011fer konularda gerekirse askeri olarak s\u0131n\u0131rland\u0131r\u0131lmas\u0131n\u0131 hedefleyen bu bak\u0131\u015f a\u00e7\u0131s\u0131 i\u00e7in me\u015frula\u015ft\u0131r\u0131c\u0131 bir zemin de olu\u015fturulmaya \u00e7al\u0131\u015f\u0131lmaktad\u0131r.<\/p>\n<p style=\"text-align: justify;\">Birle\u015fmi\u015f Milletler \u015fart\u0131 her iki devletin uluslararas\u0131 arenada kendi tercih ve tutumlar\u0131n\u0131 me\u015frula\u015ft\u0131rmak i\u00e7in referans verdi\u011fi en \u00f6nemli metindir. Bu do\u011frultuda referans verildi\u011finde en \u00e7ok ses getiren ve kabul g\u00f6ren prensipler toprak b\u00fct\u00fcnl\u00fc\u011f\u00fc ve kendini savunma hakk\u0131 d\u0131\u015f\u0131nda askeri g\u00fc\u00e7 kullan\u0131m\u0131n\u0131n yasaklanmas\u0131 ilkeleridir. 1974 K\u0131br\u0131s Bar\u0131\u015f Harek\u00e2t\u0131\u2019ndan bu yana, T\u00fcrkiye sald\u0131rgan ve yay\u0131lmac\u0131 olarak sunulmaktad\u0131r.<\/p>\n<p style=\"text-align: justify;\">Buna ilaveten, Yunanistan\u2019\u0131n Ege\u2019de kara sular\u0131n\u0131 12 mile \u00e7\u0131karmas\u0131n\u0131 kabul etmeyen ve bir oldubittiye kar\u015f\u0131 kararl\u0131 duru\u015funu belirtmek \u00fczere TBMM\u2019de al\u0131nan casus belli- sava\u015f sebebi karar\u0131 da \u201cg\u00fc\u00e7 kullan\u0131m\u0131 ile tehdit\u201d olarak tan\u0131mlanmaktad\u0131r. Ayr\u0131ca Ege Denizi\u2019ndeki adalara ait oldu\u011fu iddia edilen 10 millik hava sahas\u0131 da sorun olu\u015fturmaktad\u0131r, zira kara sular\u0131 6 mil iken 10 mil hava sahas\u0131 ilan edilmesi hukuken bir garabet olsa da bu art\u0131 4 mil i\u00e7erisindeki her ge\u00e7i\u015f hava sahas\u0131 ihlali ve sald\u0131rganl\u0131k olarak uluslararas\u0131 kamuoyu ile payla\u015f\u0131lmaktad\u0131r.<\/p>\n<p style=\"text-align: justify;\">ABD\u2019nin uzun zamand\u0131r de\u011fer bazl\u0131 askeri m\u00fcdahaleyi me\u015frula\u015ft\u0131rmak amac\u0131yla kulland\u0131\u011f\u0131 \u00f6nleyici sald\u0131r\u0131 mant\u0131\u011f\u0131 \u00fczerinden de baz\u0131 propaganda \u00e7al\u0131\u015fmalar\u0131 yap\u0131lmaktad\u0131r. PKK kamplar\u0131na veya Kuzey Suriye\u2019ye yap\u0131lan operasyonlar\u0131, ya da Karaba\u011f\u2019a askeri anlamda destek verilmesini sald\u0131rgan ve yay\u0131lmac\u0131 bir e\u011filimin belirtileri olarak kodlayan Yunan makamlar\u0131, insan haklar\u0131 ihlallerine dair pek \u00e7ok arg\u00fcman\u0131 da kullanmaktad\u0131r. Cumhurba\u015fkan\u0131 Erdo\u011fan\u2019a dair de Bat\u0131 de\u011ferlerine kar\u015f\u0131 oldu\u011funa d\u00f6n\u00fck olu\u015fturulan imaj da kendi arg\u00fcmanlar\u0131n\u0131 g\u00fc\u00e7lendirmek i\u00e7in kullan\u0131lmaktad\u0131r.<\/p>\n<p style=\"text-align: justify;\">Bu ba\u011flamda ABD ve AB\u2019nin d\u00fc\u015f\u00fcnsel ve askeri g\u00fcc\u00fcn\u00fc yan\u0131na al\u0131p, T\u00fcrkiye\u2019yi her t\u00fcrl\u00fc mekanizmadan d\u0131\u015flamak \u00fczerine kurulan diplomatik \u00e7abalar yukar\u0131da bahsedilen yeni g\u00fc\u00e7 konfig\u00fcrasyonu ile mevcut Yunan h\u00fck\u00fcmetine h\u00e2kim a\u015f\u0131r\u0131 milliyet\u00e7i kanad\u0131 g\u00fc\u00e7lendirmekte ve macerac\u0131l\u0131\u011fa s\u00fcr\u00fcklemektedir. Bu stratejiyle \u201cya masada ya sahada kaybetmeye mahk\u00fbm T\u00fcrkiye\u201d varsay\u0131m\u0131 Yunan liderli\u011fine h\u00e2kim olunca, yaln\u0131z diyalog zemini yok olmam\u0131\u015f, ayn\u0131 zamanda Yunan siyasetinin ger\u00e7eklikle ili\u015fkisi de kesilmi\u015ftir.<\/p>\n<p style=\"text-align: justify;\">Bu durum Yunanistan i\u00e7in \u00e7ok tehlikelidir \u00e7\u00fcnk\u00fc \u00fc\u00e7\u00fcnc\u00fc akt\u00f6rlerin kendi taraf\u0131nda olaca\u011f\u0131na dair duyulan keskin inan\u00e7, Yunanistan\u2019\u0131 olas\u0131 bir ikili \u00e7at\u0131\u015fmada intihara s\u00fcr\u00fcklemektedir. Yunan siyasi hayat\u0131nda buna kar\u015f\u0131 bir ele\u015ftiri getirilmesi de vatan hainli\u011fi gibi g\u00f6sterilmekte ve bu yanl\u0131\u015f alg\u0131n\u0131n d\u00fczeltilmesinde de sorunlar ya\u015fanmaktad\u0131r.<\/p>\n<p style=\"text-align: justify;\">Somut ve rasyonel temellere dayanmayan bu stratejinin <a href=\"https:\/\/www.aa.com.tr\/en\/europe\/greek-opposition-wants-suspension-of-ratification-process-of-defense-deal-with-us\/2586484\" target=\"_blank\" rel=\"noopener\">ba\u015far\u0131s\u0131z olmas\u0131 ihtimali<\/a> olduk\u00e7a y\u00fcksektir. Ukrayna krizinde de g\u00f6r\u00fcld\u00fc\u011f\u00fc \u00fczere, T\u00fcrkiye\u2019yi d\u0131\u015flamak, \u00fclkeyi Bat\u0131 ve NATO d\u0131\u015f\u0131nda tahayy\u00fcl etmeye zorlamak, muhataplar\u0131nda kar\u015f\u0131l\u0131k bulmamaktad\u0131r. &nbsp;Yunanistan\u2019\u0131n \u201cko\u015fulsuz m\u00fcttefikli\u011fi\u201d de T\u00fcrkiye\u2019nin oynad\u0131\u011f\u0131 ve muhtemelen oynayaca\u011f\u0131 muhtemel jeopolitik rollerin \u00f6nemini yok etmeye yetmeyecektir.<\/p>\n<h2 style=\"text-align: justify;\"><span style=\"color: #901235;\"><strong>TARAFLARIN BEKLENT\u0130LER\u0130<\/strong><\/span><\/h2>\n<p style=\"text-align: justify;\">Ancak, ABD ve Fransa gibi \u00fclkelerin deste\u011fi ile T\u00fcrkiye\u2019nin ba\u015fka alanlarda ya\u015fad\u0131\u011f\u0131 sorunlar\u0131 kullan\u0131p onlar\u0131 kendi \u00e7\u0131kar\u0131 i\u00e7in kullanmak \u00fczerine kurulu Yunanistan\u2019daki bu yakla\u015f\u0131m T\u00fcrkiye\u2019de derin rahats\u0131zl\u0131k yaratm\u0131\u015ft\u0131r. T\u00fcrkiye, pek \u00e7ok alanda hakl\u0131 oldu\u011funu d\u00fc\u015f\u00fcnd\u00fc\u011f\u00fc noktalar\u0131 diplomatik \u00e7abalar\u0131yla m\u00fcttefiklerine anlatmakta, ayn\u0131 zamanda g\u00fcvenilir ve g\u00fc\u00e7l\u00fc bir akt\u00f6r olarak b\u00f6lgesinde istikrar yaratmaya \u00e7al\u0131\u015fmaktad\u0131r. Ukrayna\u2019n\u0131n i\u015fgali s\u00fcrecinde NATO \u00fcyesi bir \u00fclke olarak bir yandan i\u015fgali k\u0131nay\u0131p krizin sona ermesine u\u011fra\u015f\u0131rken, di\u011fer yandan diplomatik kanallar\u0131 a\u00e7\u0131k tutmaya \u00f6nem vererek taraflar\u0131 bir araya getirmeye \u00e7al\u0131\u015fan T\u00fcrkiye, esir de\u011fi\u015f toku\u015fu ve tah\u0131l koridoru gibi pek \u00e7ok konuda \u00f6nemli diplomatik ba\u015far\u0131lara imza atm\u0131\u015ft\u0131r.<\/p>\n<p style=\"text-align: justify;\">Bu \u00e7abalar\u0131 kendi \u00f6nemini artt\u0131rmak \u00fczere \u201cf\u0131rsat\u00e7\u0131l\u0131k\u201d yapmak olarak yorumlayan Yunanistan, d\u0131\u015flama \u00e7abalar\u0131na devam etmektedir. \u0130\u015f birli\u011fi yap\u0131labilecek alanlardan biri say\u0131labilecek olan Ukrayna konusunda dahi s\u0131f\u0131r toplaml\u0131 oyun yakla\u015f\u0131m\u0131yla, T\u00fcrkiye ile kendisini ayr\u0131 taraflarda konumland\u0131rma \u00e7abas\u0131 ciddi bir sorun te\u015fkil etmeye devam etmektedir.<\/p>\n<p style=\"text-align: justify;\">T\u00fcrkiye ile ya\u015fanan sorunlar\u0131n a\u015f\u0131lmas\u0131 i\u00e7in diyalog kanallar\u0131n\u0131 kar\u015f\u0131l\u0131kl\u0131 g\u00fcven ve samimiyet \u00fczerine kurma \u00e7abas\u0131 Yunan h\u00fck\u00fcmeti taraf\u0131ndan h\u00e2l\u00e2 bir se\u00e7enek olarak g\u00f6r\u00fclmemektedir. Cumhurba\u015fkan\u0131 Erdo\u011fan\u2019\u0131n \u201cart\u0131k Mi\u00e7otakis diye birisi benim i\u00e7in <a href=\"https:\/\/www.reuters.com\/world\/turkeys-erdogan-says-greek-pm-mitsotakis-no-longer-exists-him-2022-05-23\/\" target=\"_blank\" rel=\"noopener\">yok\u201d<\/a> ifadesi de bu sebebe dayanmaktad\u0131r.&nbsp; \u0130kili g\u00f6r\u00fc\u015fmelerde verilen taahh\u00fctlere ayk\u0131r\u0131 \u015fekilde ger\u00e7ekle\u015fen ve yukar\u0131da bahsedilen \u00e7er\u00e7evede devam eden hareketler T\u00fcrkiye\u2019de, Mi\u00e7otakis hakk\u0131nda \u201cs\u00f6z\u00fcne itibar edilemeyen bir lider\u201d imaj\u0131 yaratm\u0131\u015ft\u0131r.<\/p>\n<p style=\"text-align: justify;\">Diplomaside ayn\u0131 fikirde olunmasa da s\u00f6z\u00fcne g\u00fcvenilir bir akt\u00f6r olmak son derece \u00f6nemlidir. Bu noktada, Atina\u2019n\u0131n hayalperest ve duygusal yakla\u015f\u0131mlar benimsemek yerine daha \u00f6nceki Yunan h\u00fck\u00fcmetlerinin sergilemekte zorlanmad\u0131\u011f\u0131 rasyonel tutuma geri d\u00f6nmesi gerekmektedir. \u00d6te yandan, liderler d\u00fczeyinde g\u00f6r\u00fc\u015fmeler kesilse de Bakanlar ya da kabinenin ba\u015fka \u00fcyeleri aras\u0131nda temaslar s\u00fcrmekte ve bir diyalog kanal\u0131 a\u00e7\u0131lmaya \u00e7al\u0131\u015f\u0131lmaktad\u0131r. Bu noktada, Milli Savunma Bakan\u0131 Hulusi Akar ve&nbsp;Yunan&nbsp;mevkida\u015f\u0131 Nikos&nbsp;Panayotopulos aras\u0131nda s\u00fcren <a href=\"https:\/\/www.trthaber.com\/haber\/dunya\/micotakis-turk-ve-yunan-savunma-bakanlari-arasindaki-iletisim-devam-edebilir-717919.html\" target=\"_blank\" rel=\"noopener\">g\u00f6r\u00fc\u015fmeler<\/a> olumlu kar\u015f\u0131lanmaktad\u0131r.<\/p>\n<h2 style=\"text-align: justify;\"><span style=\"color: #901235;\"><strong>OLASI JEOPOL\u0130T\u0130K SONU\u00c7LAR<\/strong><\/span><\/h2>\n<p style=\"text-align: justify;\">Do\u011fu Akdeniz\u2019de T\u00fcrkiye\u2019nin d\u0131\u015flanarak bir oldubitti ile deniz alanlar\u0131nda Yunanistan ve GKRY lehine bir s\u0131n\u0131r \u00e7izilmesi hedefine do\u011fru uluslararas\u0131 ittifaklar yapma \u00e7al\u0131\u015fmalar\u0131na kar\u015f\u0131, T\u00fcrkiye\u2019nin Do\u011fu Akdeniz\u2019de b\u00fct\u00fcn akt\u00f6rleri bir araya getiren \u00e7ok tarafl\u0131 ve a\u00e7\u0131k bir konferans ile s\u0131n\u0131rlar\u0131n \u00e7izilmesi \u00e7a\u011fr\u0131s\u0131 h\u00e2l\u00e2 tam olarak kar\u015f\u0131l\u0131k bulmamaktad\u0131r. T\u00fcrkiye buna, arama gemileri ve donanmas\u0131yla yapt\u0131\u011f\u0131 aramalar i\u00e7in ilan etti\u011fi NAVTEX\u2019ler ile Libya\u2019n\u0131n me\u015fru h\u00fck\u00fcmeti ile imzalanan ve M\u00fcnhas\u0131r Ekonomik B\u00f6lge s\u0131n\u0131r\u0131 belirleyen <a href=\"https:\/\/www.euractiv.com\/section\/energy-environment\/news\/tension-amid-turkey-libya-hydrocarbon-memorandum\/\" target=\"_blank\" rel=\"noopener\">memorandumlar\u0131<\/a> ile cevap vermi\u015f ve \u00e7ok tarafl\u0131 \u00e7\u00f6z\u00fcm aray\u0131\u015f\u0131 i\u00e7in akt\u00f6rleri zorlamaya \u00e7al\u0131\u015fm\u0131\u015ft\u0131r.<\/p>\n<p style=\"text-align: justify;\">T\u00fcrkiye, kendisine b\u00f6lgede bi\u00e7ilecek rollerde kendi hassasiyetlerinin de dikkate al\u0131nmas\u0131 i\u00e7in t\u00fcm akt\u00f6rlere gerek diplomatik \u00e7abalar\u0131yla gerek sahadaki aktiviteleriyle mesaj g\u00f6ndermektedir. Nitekim ABD\u2019den gelen taraflar aras\u0131nda <a href=\"https:\/\/www.ntv.com.tr\/dunya\/son-dakika-haberi-abd-buyukelciliginden-ege-aciklamasi-taraf-tutmuyoruz,-VrUqjsX40WvJ3xv5K_1Hw\" target=\"_blank\" rel=\"noopener\">e\u015fit mesafede<\/a> olduklar\u0131na dair a\u00e7\u0131klamalar ve F-16 sat\u0131\u015f\u0131na dair olumlu geli\u015fmeler bu kayg\u0131lar\u0131n duyuldu\u011funa i\u015faret etmektedir. NATO\u2019nun g\u00fcneydo\u011fu kanad\u0131n\u0131n iki \u00f6nemli \u00fclkesinin aras\u0131nda ya\u015fanacak bir sorunun istenmedi\u011fi gibi, T\u00fcrkiye\u2019nin de g\u00f6zden \u00e7\u0131kar\u0131lmas\u0131 gibi bir \u015feyin ABD \u00e7\u0131karlar\u0131 i\u00e7in tolere edilemeyecek bir kay\u0131p olarak g\u00f6r\u00fcld\u00fc\u011f\u00fc de a\u00e7\u0131kt\u0131r.<\/p>\n<h2 style=\"text-align: justify;\"><span style=\"color: #901235;\"><strong>MUHTEMEL SENARYOLAR VE OLUMLU AJANDA \u00dcRETEB\u0130LMEK<\/strong><\/span><\/h2>\n<p style=\"text-align: justify;\">Bu ba\u011flamda, \u00f6n\u00fcm\u00fczdeki d\u00f6nemde s\u0131cak bir \u00e7at\u0131\u015fma beklentisi olmamal\u0131d\u0131r. Ak\u0131lc\u0131 hesaplar dahilinde b\u00f6yle bir \u00e7at\u0131\u015fman\u0131n ne NATO ne ABD ne Yunanistan ne de T\u00fcrkiye i\u00e7in bir getirisi olmad\u0131\u011f\u0131 gibi b\u00fcy\u00fck kay\u0131plara sebep olaca\u011f\u0131 da a\u00e7\u0131kt\u0131r. T\u00fcrkiye\u2019nin artan g\u00fc\u00e7 kapasitesi de bu beklentiyi anlaml\u0131 k\u0131lmaktad\u0131r. Son g\u00fcnlerde denemeleri yap\u0131lan balistik f\u00fcze <a href=\"https:\/\/www.trthaber.com\/haber\/dunya\/tayfun-fuzesi-yunan-basininda-718030.html\" target=\"_blank\" rel=\"noopener\">Tayfun<\/a>, T\u00fcrkiye\u2019nin takip etti\u011fi cayd\u0131rma politikas\u0131n\u0131n bir par\u00e7as\u0131d\u0131r. Ancak unutmamak gerekir ki T\u00fcrkiye bu g\u00fcc\u00fc m\u00fcttefiklerine kar\u015f\u0131 asla kullanmayacakt\u0131r.<\/p>\n<p style=\"text-align: justify;\">T\u00fcrkiye\u2019nin Rusya kar\u015f\u0131s\u0131nda elini g\u00fc\u00e7lendiren unsurlardan birisinin de NATO \u00fclkesi olmas\u0131 oldu\u011fu ve Bat\u0131 ile kurdu\u011fu kuvvetli ekonomik ba\u011flar\u0131n hayati \u00f6nemde oldu\u011fu d\u00fc\u015f\u00fcn\u00fcld\u00fc\u011f\u00fcnde, ak\u0131lc\u0131 bir \u00e7er\u00e7evede T\u00fcrkiye\u2019nin g\u00fcc\u00fc, sadece yok sayma politikalar\u0131n\u0131 de\u011fi\u015ftirme etkisi yaratacakt\u0131r. Rusya\u2019dan gelen gaz da\u011f\u0131t\u0131m merkezi kurma \u00f6nerisi bile bu ba\u011flamda de\u011ferlendirilmedir. Enerji hususu, ikili ili\u015fkilerde \u00f6nemli bir i\u015f birli\u011fi alan\u0131 olarak durmaktad\u0131r.<\/p>\n<p style=\"text-align: justify;\"><a href=\"https:\/\/www.dw.com\/tr\/yunanistan-bulgaristan-boru-hatt%C4%B1-hizmete-girdi\/a-63307562\" target=\"_blank\" rel=\"noopener\">Yunanistan ile Bulgaristan aras\u0131na<\/a> yap\u0131lan ek boru hatt\u0131yla TAP boru hatt\u0131ndan enerji nakli yap\u0131lmas\u0131 buna bir \u00f6rnektir. TAP hatt\u0131n\u0131n Anadolu\u2019dan ge\u00e7en <a href=\"https:\/\/www.tanap.com\/bulten-25\" target=\"_blank\" rel=\"noopener\">TANAP hatt\u0131n\u0131<\/a> besledi\u011fini unutmamak gerekir. Do\u011fu Akdeniz enerjisi i\u00e7in de bu \u00f6nemli bir yol g\u00f6stericidir. \u0130srail\u2019den gelen hatt\u0131n kara ba\u011flant\u0131s\u0131 ile Avrupa\u2019ya aktar\u0131lmas\u0131 da taraflar aras\u0131nda bir ba\u015fka i\u015f birli\u011fi alan\u0131 olabilir.<\/p>\n<\/div><div class=\"fusion-clearfix\"><\/div><\/div><\/div><\/div><\/div>\n","protected":false},"excerpt":{"rendered":"","protected":false},"author":294,"featured_media":35201,"comment_status":"closed","ping_status":"closed","sticky":false,"template":"","format":"standard","meta":{"_mo_disable_npp":"","ngg_post_thumbnail":0},"categories":[364],"tags":[17618,18801,18871,18872,18873],"asf_pub_issue":[],"asf_pub_region":[17601],"acf":[],"_links":{"self":[{"href":"https:\/\/research.sharqforum.org\/tr\/wp-json\/wp\/v2\/posts\/35195"}],"collection":[{"href":"https:\/\/research.sharqforum.org\/tr\/wp-json\/wp\/v2\/posts"}],"about":[{"href":"https:\/\/research.sharqforum.org\/tr\/wp-json\/wp\/v2\/types\/post"}],"author":[{"embeddable":true,"href":"https:\/\/research.sharqforum.org\/tr\/wp-json\/wp\/v2\/users\/294"}],"replies":[{"embeddable":true,"href":"https:\/\/research.sharqforum.org\/tr\/wp-json\/wp\/v2\/comments?post=35195"}],"version-history":[{"count":11,"href":"https:\/\/research.sharqforum.org\/tr\/wp-json\/wp\/v2\/posts\/35195\/revisions"}],"predecessor-version":[{"id":35328,"href":"https:\/\/research.sharqforum.org\/tr\/wp-json\/wp\/v2\/posts\/35195\/revisions\/35328"}],"wp:featuredmedia":[{"embeddable":true,"href":"https:\/\/research.sharqforum.org\/tr\/wp-json\/wp\/v2\/media\/35201"}],"wp:attachment":[{"href":"https:\/\/research.sharqforum.org\/tr\/wp-json\/wp\/v2\/media?parent=35195"}],"wp:term":[{"taxonomy":"category","embeddable":true,"href":"https:\/\/research.sharqforum.org\/tr\/wp-json\/wp\/v2\/categories?post=35195"},{"taxonomy":"post_tag","embeddable":true,"href":"https:\/\/research.sharqforum.org\/tr\/wp-json\/wp\/v2\/tags?post=35195"},{"taxonomy":"asf_pub_issue","embeddable":true,"href":"https:\/\/research.sharqforum.org\/tr\/wp-json\/wp\/v2\/asf_pub_issue?post=35195"},{"taxonomy":"asf_pub_region","embeddable":true,"href":"https:\/\/research.sharqforum.org\/tr\/wp-json\/wp\/v2\/asf_pub_region?post=35195"}],"curies":[{"name":"wp","href":"https:\/\/api.w.org\/{rel}","templated":true}]}}