{"id":36842,"date":"2023-07-28T16:27:45","date_gmt":"2023-07-28T13:27:45","guid":{"rendered":"https:\/\/research.sharqforum.org\/2023\/07\/28\/al-sharq-haftalik-bulten-28-temmuz-2023\/"},"modified":"2023-07-28T16:30:34","modified_gmt":"2023-07-28T13:30:34","slug":"al-sharq-haftalik-bulten-28-temmuz-2023","status":"publish","type":"post","link":"https:\/\/research.sharqforum.org\/tr\/2023\/07\/28\/al-sharq-haftalik-bulten-28-temmuz-2023\/","title":{"rendered":"Al Sharq Haftal\u0131k B\u00fclten-28 Temmuz 2023"},"content":{"rendered":"<div class=\"fusion-fullwidth fullwidth-box fusion-builder-row-1 nonhundred-percent-fullwidth non-hundred-percent-height-scrolling\" style=\"--awb-border-radius-top-left:0px;--awb-border-radius-top-right:0px;--awb-border-radius-bottom-right:0px;--awb-border-radius-bottom-left:0px;\" ><div class=\"fusion-builder-row fusion-row\"><div class=\"fusion-layout-column fusion_builder_column fusion-builder-column-0 fusion_builder_column_1_1 1_1 fusion-one-full fusion-column-first fusion-column-last\" style=\"--awb-padding-top:20px;--awb-padding-right:20px;--awb-padding-bottom:20px;--awb-padding-left:20px;--awb-bg-size:cover;--awb-box-shadow:2px 2px 20px 2px #dddddd;;--awb-margin-bottom:0px;\"><div class=\"fusion-column-wrapper fusion-column-has-shadow fusion-flex-column-wrapper-legacy\"><div class=\"fusion-aligncenter\"><a class=\"fusion-button button-flat fusion-button-default-size button-default fusion-button-default button-1 fusion-button-default-span fusion-button-default-type\" target=\"_self\" href=\"https:\/\/research.sharqforum.org\/download\/36845\/?tmstv=1690551018\"><span class=\"fusion-button-text\">Haftal\u0131k b\u00fcltenin PDF versiyonunu indir <\/span><\/a><\/div><div class=\"fusion-text fusion-text-1\"><p><span style=\"color: #8a1538;\"><strong>T\u00dcRK\u0130YE<\/strong><\/span><\/p>\n<p><strong>Filistin Devlet Ba\u015fkan\u0131 Mahmud Abbas&#8217;\u0131n Ankara Ziyareti<\/strong><\/p>\n<p>T\u00fcrkiye Cumhurba\u015fkan\u0131 Recep Tayyip Erdo\u011fan, sal\u0131 g\u00fcn\u00fc Filistinli mevkida\u015f\u0131 Mahmud Abbas ile Ankara&#8217;da bir araya geldi. G\u00f6r\u00fc\u015fmeler boyunca, taraflar ikili i\u015f birli\u011fini derinle\u015ftirmek i\u00e7in farkl\u0131 dosyalara odakland\u0131. \u00d6zellikle, Filistin-\u0130srail meselesi g\u00f6r\u00fc\u015fmelerin merkezindeydi. Cumhurba\u015fkan\u0131 Erdo\u011fan, Filistin-\u0130srail meselesinde iki devletli \u00e7\u00f6z\u00fcme olan deste\u011fini tekrar vurgulad\u0131. Filistin Devlet Ba\u015fkan\u0131 Abbas&#8217;\u0131n ziyareti, \u0130srail Ba\u015fbakan\u0131 Binyamin Netanyahu&#8217;nun planlanan Ankara ziyaretinden \u00f6nce ger\u00e7ekle\u015fti. Ankara ile Tel Aviv, ikili ili\u015fkilerde uzunca s\u00fcren gerilimli bir a\u015famadan sonra diplomatik kanallar\u0131 yeniden devreye soktu ve 2022&#8217;nin sonlar\u0131nda taraflar aras\u0131ndaki diplomatik ili\u015fkiler b\u00fcy\u00fckel\u00e7ilik d\u00fczeyine y\u00fckseltildi. \u0130srail Ba\u015fbakan\u0131&#8217;n\u0131n Ankara\u2019y\u0131 Cuma g\u00fcn\u00fc ziyaret etmesi bekleniyordu. Ancak planlanan ziyaret, Netanyahu&#8217;nun son zamanlarda ya\u015fad\u0131\u011f\u0131 sa\u011fl\u0131k sorunlar\u0131 nedeniyle ileri bir tarihe ertelendi.<\/p>\n<p>Bu arada, Filistin Devlet Ba\u015fkan\u0131 Abbas, Ankara ziyareti s\u0131ras\u0131nda Hamas lideri \u0130smail Haniye ile de bir araya geldi. G\u00f6r\u00fc\u015fmenin amac\u0131, \u0130srail&#8217;de Netanyahu liderli\u011findeki sa\u011fc\u0131 h\u00fck\u00fcmetle m\u00fccadele eylemlerini koordine etmekti. Ayr\u0131ca bu g\u00f6r\u00fc\u015fme, 30 Temmuz 2023 tarihinde Kahire\u2019de d\u00fczenlenmesi planlanan Filistin hareketleri genel sekreterleri konferans\u0131na haz\u0131rl\u0131k olarak da hizmet etti. \u0130ki lider, Hamas taraf\u0131ndan 26 Temmuz 2023 tarihinde yay\u0131mlanan bir a\u00e7\u0131klamaya g\u00f6re, &#8220;Filistin meselesi konusunda yakla\u015fmakta olan risklere kar\u015f\u0131 ulusal \u00e7abalar\u0131n birle\u015ftirilmesinin gereklili\u011fi konusunda anla\u015ft\u0131lar.&#8221;<\/p>\n<p><strong>\u00c7in D\u0131\u015fi\u015fleri Bakan\u0131 Wang Yi, Cumhurba\u015fkan\u0131 Erdo\u011fan ve D\u0131\u015fi\u015fleri Bakan\u0131 Hakan Fidan ile G\u00f6r\u00fc\u015ft\u00fc<\/strong><\/p>\n<p>Yeni atanan \u00c7in D\u0131\u015fi\u015fleri Bakan\u0131 Wang Yi Ankara&#8217;y\u0131 ziyaret etti ve Cumhurba\u015fkan\u0131 Erdo\u011fan\u2019\u0131n yan\u0131 s\u0131ra D\u0131\u015fi\u015fleri Bakan\u0131 Hakan Fidan\u2019la farkl\u0131 alanlarda ikili i\u015f birli\u011fini geli\u015ftirmeyi m\u00fczakere etti. Bakan\u0131n Ankara ziyareti bas\u0131na kapal\u0131 bir \u015fekilde ger\u00e7ekle\u015fti. \u00c7in resmi devlet haber ajans\u0131 Xinhua taraf\u0131ndan yay\u0131mlanan a\u00e7\u0131klamaya g\u00f6re Bakan Wang, &#8220;\u00c7in-T\u00fcrkiye H\u00fck\u00fcmetleraras\u0131 \u0130\u015fbirli\u011fi Komitesi mekanizmas\u0131n\u0131 etkili bir \u015fekilde kullanma konusundaki isteklerini ifade ederek \u00e7e\u015fitli alanlarda kapsaml\u0131 i\u015fbirli\u011fini ilerletmeye, \u2018Bir Ku\u015fak Bir Yol\u2019 projesinin in\u015fas\u0131n\u0131 kolayla\u015ft\u0131rmaya, kar\u015f\u0131l\u0131kl\u0131 fayda ve kazan-kazan ili\u015fkisini daha y\u00fcksek bir seviyeye \u00e7\u0131karmaya ve k\u00fcresel ekonomik iyile\u015fmeye olumlu katk\u0131da bulunmaya istekli olduklar\u0131n\u0131&#8221; ifade etti.<\/p>\n<p><span style=\"color: #8a1538;\"><strong>SUR\u0130YE<\/strong><\/span><\/p>\n<p><strong>BM Suriye \u00d6zel Temsilcisi Geir Pedersen, Suriye Krizine M\u00fczakere Yoluyla Son Verme \u00c7a\u011fr\u0131s\u0131nda Bulunuyor<\/strong><\/p>\n<p>Birle\u015fmi\u015f Milletler (BM) Suriye \u00f6zel temsilcisi Geir Pedersen, BM G\u00fcvenlik Konseyi toplant\u0131s\u0131nda, uzun s\u00fcredir durmu\u015f olan Suriye siyasi s\u00fcrecini yeniden ba\u015flatmak i\u00e7in yeni bir diplomatik s\u00fcrecin gereklili\u011fini dile getirdi. Pedersen, Suriye&#8217;deki ciddi insani krize \u00e7\u00f6z\u00fcm bulabilmek i\u00e7in \u00e7at\u0131\u015fman\u0131n farkl\u0131 taraflar\u0131 aras\u0131nda koordinasyon ve angajman\u0131n \u00f6nemini vurgulad\u0131. Pedersen, Suriye i\u00e7in BM\u2019nin \u00f6nc\u00fcl\u00fck etti\u011fi siyasi s\u00fcre\u00e7 konusundaki hayal k\u0131r\u0131kl\u0131\u011f\u0131n\u0131 ifade ederek, farkl\u0131 taraflar aras\u0131nda yeniden angajman\u0131n sa\u011flanabilmesi i\u00e7in pragmatizm ve esneklik ruhunun \u00e7ok \u00f6nemli oldu\u011funu belirtti. Son olarak, Pedersen, taraflar\u0131n yap\u0131c\u0131 g\u00f6r\u00fc\u015fmelere kat\u0131lmazlarsa, Suriye\u2019de sahada durumun g\u00fcnl\u00fck olarak k\u00f6t\u00fcle\u015fti\u011fi bir zamanda m\u00fczakere yoluyla krize son verme \u015fans\u0131n\u0131n yeniden ka\u00e7\u0131r\u0131laca\u011f\u0131n\u0131 ifade etti.<\/p>\n<p><span style=\"color: #8a1538;\"><strong>\u0130SRA\u0130L<\/strong><\/span><\/p>\n<p><strong>D\u0131\u015fi\u015fleri Bakan\u0131 Blinken, ABD&#8217;nin \u0130srail&#8217;in G\u00fcvenli\u011fine Olan Taahh\u00fcd\u00fcn\u00fc Yeniden Dile Getirdi<\/strong><\/p>\n<p>Amerika Birle\u015fik Devletleri, \u00f6zellikle askeri yard\u0131m olmak \u00fczere \u0130srail&#8217;e olan politikas\u0131n\u0131 &#8216;Engelleme, yard\u0131m\u0131 durdurmaz&#8217; \u015feklinde s\u00fcrd\u00fcrme karar\u0131 alm\u0131\u015f durumda. Washington, Tel Aviv&#8217;de yap\u0131lan yarg\u0131 reformu yasas\u0131na ve bunun sonucunda ya\u015fanan protesto dalgas\u0131na ra\u011fmen, \u0130srail&#8217;e ileri d\u00fczeyde askeri yard\u0131m sa\u011flama konusundaki taahh\u00fcd\u00fcn\u00fc s\u00fcrd\u00fcr\u00fcyor. D\u0131\u015fi\u015fleri Bakan\u0131 Blinken, Washington&#8217;da yapt\u0131\u011f\u0131 a\u00e7\u0131klamada, askeri yard\u0131mlarda kesinti olmayaca\u011f\u0131n\u0131 ve ABD&#8217;nin \u0130srail&#8217;e, g\u00fcvenli\u011fine ve ortakl\u0131\u011fa olan ba\u011fl\u0131l\u0131\u011f\u0131n\u0131n on y\u0131llar boyunca s\u00fcrece\u011fini vurgulad\u0131. \u0130srail\u2019in, II. D\u00fcnya Sava\u015f\u0131&#8217;n\u0131n sonundan g\u00fcn\u00fcm\u00fcze de\u011fin toplamda ABD\u2019den 158 milyar dolarl\u0131k askeri yard\u0131m ald\u0131\u011f\u0131 kabul ediliyor ki bu da \u0130srail\u2019i ABD\u2019den en fazla askeri destek alan \u00fclke k\u0131l\u0131yor.<\/p>\n<p>\u0130srail&#8217;deki yarg\u0131 reformu krizlerine ra\u011fmen, Amerika Birle\u015fik Devletleri, \u0130srail&#8217;e askeri yard\u0131m sa\u011flama konusundaki taahh\u00fcd\u00fcn\u00fc s\u00fcrd\u00fcr\u00fcyor. ABD D\u0131\u015fi\u015fleri Bakanl\u0131\u011f\u0131, yarg\u0131 reformuna y\u00f6nelik ele\u015ftirilere ra\u011fmen, \u0130srail&#8217;in g\u00fcvenli\u011fine olan ba\u011fl\u0131l\u0131\u011f\u0131n\u0131n sars\u0131lmaz oldu\u011funu belirtti. Pazartesi g\u00fcn\u00fc, Knesset, h\u00fck\u00fcmet kararlar\u0131n\u0131n Anayasa Mahkemesi taraf\u0131ndan yeniden de\u011ferlendirilmesini s\u0131n\u0131rlayan ilk yasay\u0131 onaylad\u0131. \u0130srail\u2019deki baz\u0131 milletvekilleri, Ba\u015fbakan Netanyahu&#8217;nun \u0130srail&#8217;i mutlakiyet\u00e7i bir y\u00f6netime s\u00fcr\u00fckledi\u011fini iddia ettiler. Bu arada, oylama s\u0131ras\u0131nda binlerce g\u00f6sterici polisle \u00e7at\u0131\u015ft\u0131. Amerika Birle\u015fik Devletleri Savunma Bakan\u0131 Lloyd Austin&#8217;in belirtti\u011fi gibi, \u00fclkesi, \u0130srailli mevkida\u015f\u0131 Yoav Gallant&#8217;a toplumsal uyumu tehlikeye atmamas\u0131 \u00e7a\u011fr\u0131s\u0131nda bulundu. Ayr\u0131ca, Ba\u015fbakan Netanyahu&#8217;nun sa\u011fc\u0131 h\u00fck\u00fcmeti taraf\u0131ndan desteklenen ve \u00fclke genelinde protestolara yol a\u00e7an kapsaml\u0131 yarg\u0131 reformlar\u0131 sebebiyle ABD Ba\u015fkan\u0131 Joe Biden \u0130srailli yetkililere \u00fclkede geni\u015f bir uzla\u015f\u0131ya varma \u00e7a\u011fr\u0131s\u0131nda bulundu.<\/p>\n<\/div><div class=\"fusion-clearfix\"><\/div><\/div><\/div><\/div><\/div>\n","protected":false},"excerpt":{"rendered":"<p>T\u00fcrkiye Cumhurba\u015fkan\u0131 Recep Tayyip Erdo\u011fan, sal\u0131 g\u00fcn\u00fc Filistinli mevkida\u015f\u0131 Mahmud Abbas ile Ankara&#8217;da bir araya geldi. G\u00f6r\u00fc\u015fmeler boyunca, taraflar ikili i\u015f birli\u011fini derinle\u015ftirmek i\u00e7in farkl\u0131 dosyalara odakland\u0131. \u00d6zellikle, Filistin-\u0130srail meselesi <\/p>\n","protected":false},"author":3,"featured_media":36847,"comment_status":"closed","ping_status":"closed","sticky":false,"template":"","format":"standard","meta":{"_mo_disable_npp":"","ngg_post_thumbnail":0},"categories":[18935],"tags":[],"asf_pub_issue":[],"asf_pub_region":[],"acf":[],"_links":{"self":[{"href":"https:\/\/research.sharqforum.org\/tr\/wp-json\/wp\/v2\/posts\/36842"}],"collection":[{"href":"https:\/\/research.sharqforum.org\/tr\/wp-json\/wp\/v2\/posts"}],"about":[{"href":"https:\/\/research.sharqforum.org\/tr\/wp-json\/wp\/v2\/types\/post"}],"author":[{"embeddable":true,"href":"https:\/\/research.sharqforum.org\/tr\/wp-json\/wp\/v2\/users\/3"}],"replies":[{"embeddable":true,"href":"https:\/\/research.sharqforum.org\/tr\/wp-json\/wp\/v2\/comments?post=36842"}],"version-history":[{"count":3,"href":"https:\/\/research.sharqforum.org\/tr\/wp-json\/wp\/v2\/posts\/36842\/revisions"}],"predecessor-version":[{"id":36855,"href":"https:\/\/research.sharqforum.org\/tr\/wp-json\/wp\/v2\/posts\/36842\/revisions\/36855"}],"wp:featuredmedia":[{"embeddable":true,"href":"https:\/\/research.sharqforum.org\/tr\/wp-json\/wp\/v2\/media\/36847"}],"wp:attachment":[{"href":"https:\/\/research.sharqforum.org\/tr\/wp-json\/wp\/v2\/media?parent=36842"}],"wp:term":[{"taxonomy":"category","embeddable":true,"href":"https:\/\/research.sharqforum.org\/tr\/wp-json\/wp\/v2\/categories?post=36842"},{"taxonomy":"post_tag","embeddable":true,"href":"https:\/\/research.sharqforum.org\/tr\/wp-json\/wp\/v2\/tags?post=36842"},{"taxonomy":"asf_pub_issue","embeddable":true,"href":"https:\/\/research.sharqforum.org\/tr\/wp-json\/wp\/v2\/asf_pub_issue?post=36842"},{"taxonomy":"asf_pub_region","embeddable":true,"href":"https:\/\/research.sharqforum.org\/tr\/wp-json\/wp\/v2\/asf_pub_region?post=36842"}],"curies":[{"name":"wp","href":"https:\/\/api.w.org\/{rel}","templated":true}]}}