{"id":9610,"date":"2019-01-16T12:41:14","date_gmt":"2019-01-16T09:41:14","guid":{"rendered":"https:\/\/research.sharqforum.org\/?p=9610"},"modified":"2020-08-27T17:01:26","modified_gmt":"2020-08-27T14:01:26","slug":"savas-maglubu-suriyede-ypgnin-mesruiyet-arayisi","status":"publish","type":"post","link":"https:\/\/research.sharqforum.org\/tr\/2019\/01\/16\/savas-maglubu-suriyede-ypgnin-mesruiyet-arayisi\/","title":{"rendered":"Sava\u015f Ma\u011flubu Suriye\u2019de YPG\u2019nin Me\u015fruiyet Aray\u0131\u015f\u0131"},"content":{"rendered":"<div class=\"fusion-fullwidth fullwidth-box fusion-builder-row-1 nonhundred-percent-fullwidth non-hundred-percent-height-scrolling\" style=\"--awb-border-radius-top-left:0px;--awb-border-radius-top-right:0px;--awb-border-radius-bottom-right:0px;--awb-border-radius-bottom-left:0px;\" ><div class=\"fusion-builder-row fusion-row\"><div class=\"fusion-layout-column fusion_builder_column fusion-builder-column-0 fusion_builder_column_1_1 1_1 fusion-one-full fusion-column-first fusion-column-last\" style=\"--awb-padding-top:20px;--awb-padding-right:20px;--awb-padding-bottom:20px;--awb-padding-left:20px;--awb-bg-size:cover;--awb-box-shadow:2px 2px 20px 2px #dddddd;;--awb-margin-bottom:0px;\"><div class=\"fusion-column-wrapper fusion-column-has-shadow fusion-flex-column-wrapper-legacy\"><div class=\"fusion-text fusion-text-1\"><p>Yayg\u0131n olarak K\u00fcrdistan \u0130\u015f\u00e7i Partisi\u2019nin (PKK) Suriye\u2019deki kolu olarak bilinen Halk Koruma Birlikleri (YPG), uzun s\u00fcredir sava\u015f ma\u011flubu \u00fclkede, toplumun geni\u015f kesiminin g\u00f6z\u00fcnde siyasi me\u015fruiyet kazanmaya ve halktan toplumsal destek almaya \u00e7al\u0131\u015f\u0131yor. YPG, siyasal ve toplumsal me\u015fruiyet aray\u0131\u015f\u0131nda devlet d\u0131\u015f\u0131 silahl\u0131 bir akt\u00f6rden devletvari bir akt\u00f6re evrilme m\u00fccadelesi veriyor. Fakat \u00f6rg\u00fct\u00fcn me\u015fruiyeti, \u00f6rg\u00fct s\u00f6ylemlerine ayk\u0131r\u0131 <a href=\"https:\/\/www.voanews.com\/a\/syrian-kurds-accused-of-human-rights-abuses-against-arabs\/3003693.html\" target=\"_blank\" rel=\"noopener\">saha eylemleri<\/a> nedeniyle h\u00e2l\u00e2 bir\u00e7ok ki\u015finin g\u00f6z\u00fcnde tart\u0131\u015fmal\u0131 durumda.<\/p>\n<p>YPG, PKK ile Sovyetler Birli\u011fi aras\u0131ndaki <a href=\"http:\/\/omranstudies.org\/publications\/papers\/the-autonomous-administration-in-northern-syria-questions-of-legitimacy-and-identity.html\" target=\"_blank\" rel=\"noopener\">tarihi ili\u015fkiler<\/a> nedeniyle geleneksel olarak Moskova ile g\u00fc\u00e7l\u00fc ba\u011flar\u0131 olan Demokratik Birlik Partisi\u2019nin (PYD) askeri kanad\u0131 olarak kuruldu. Parti, Suriye sava\u015f\u0131n\u0131n ba\u015flamas\u0131yla birlikte Suriye sahnesindeki rol\u00fcn\u00fc artt\u0131rma f\u0131rsat\u0131 buldu. Bu nedenle, \u00f6rg\u00fct siyasi tan\u0131nma elde etmek i\u00e7in Rusya, ABD ve Avrupa ile g\u00fc\u00e7l\u00fc ili\u015fkiler kurma aray\u0131\u015f\u0131na girmeye ba\u015flad\u0131. Grup; <a href=\"https:\/\/www.trtworld.com\/europe\/international-network-of-pkk-affiliates-to-expand-with-a-new-us-office-17016\" target=\"_blank\" rel=\"noopener\">Prag, Stockholm, Berlin, Paris ve Moskova\u2019da<\/a> ofisler kurarak bu amac\u0131n\u0131 bir dereceye kadar ger\u00e7ekle\u015ftirdi. Bunun yan\u0131nda PYD\u2019nin eski e\u015f ba\u015fkan\u0131 <a href=\"https:\/\/www.youtube.com\/watch?v=TcFSTZ-BN7k\" target=\"_blank\" rel=\"noopener\">Salih M\u00fcslim<\/a> Avrupa\u2019daki siyaset\u00e7ilere <a href=\"https:\/\/www.youtube.com\/watch?v=QWc-VJ9jpj4\" target=\"_blank\" rel=\"noopener\">\u00f6rg\u00fct\u00fcn\u00fcn ajandas\u0131n\u0131<\/a> anlatmak \u00fczere pek \u00e7ok Avrupa \u00fclkesini ziyaret etti.<\/p>\n<p>Suriye\u2019de Irak \u015eam \u0130slam Devleti\u2019nin (I\u015e\u0130D) y\u00fckseli\u015fi ve \u00f6zellikle de 2014\u2019teki <a href=\"https:\/\/www.bbc.com\/news\/world-middle-east-29688108\" target=\"_blank\" rel=\"noopener\">Kobani Sava\u015f\u0131<\/a>, PYD\/YPG\u2019nin daha da g\u00fc\u00e7lenmesinin \u00f6n\u00fcn\u00fc a\u00e7t\u0131. \u00d6rg\u00fct bu d\u00f6nemde ABD\u2019ye yakla\u015farak siyasi tan\u0131nma elde etmenin yan\u0131 s\u0131ra askeri yard\u0131m almaya da ba\u015flad\u0131. Bu a\u015famada Suriye\u2019deki sava\u015f meydan\u0131n\u0131n de\u011fi\u015fen dinamikleri YPG\u2019yi daha kapsay\u0131c\u0131 bir s\u00f6ylem benimsemeye y\u00f6neltti. Suriye sava\u015f\u0131n\u0131n ba\u015f\u0131nda, YPG\/PYD K\u00fcrt milliyet\u00e7ili\u011fini vurgulayan daha milliyet\u00e7i bir s\u00f6ylem benimsemi\u015fti ama grup K\u00fcrt yo\u011funluklu olmayan b\u00f6lgeler \u00fczerindeki kontrol\u00fcn\u00fc artt\u0131rd\u0131k\u00e7a bu s\u00f6ylem de de\u011fi\u015fti.<\/p>\n<p>\u00d6rg\u00fct ayr\u0131ca ABD ile g\u00fc\u00e7l\u00fc ba\u011flar olu\u015fturarak <a href=\"http:\/\/omranstudies.org\/publications\/papers\/the-autonomous-administration-in-northern-syria-questions-of-legitimacy-and-identity.html\" target=\"_blank\" rel=\"noopener\">T\u00fcrkiye\u2019nin Suriye\u2019ye yapaca\u011f\u0131 t\u00fcm m\u00fcdahaleleri<\/a> engellemeyi ama\u00e7lad\u0131. Bununla beraber zaman ge\u00e7tik\u00e7e iki taraf aras\u0131ndaki ili\u015fkiler de g\u00fc\u00e7lenmeye devam etti. \u00d6zellikle ABD\u2019nin \u00d6zg\u00fcr Suriye Ordusu\u2019na (\u00d6SO) y\u00f6nelik e\u011fit-donat program\u0131n\u0131n yetersiz kalmas\u0131, \u00fclkenin YPG\u2019ye daha \u00e7ok yakla\u015fmas\u0131n\u0131n arkas\u0131ndaki nedenlerden biriydi. \u00d6SO\u2019nun hem rejim hem de I\u015e\u0130D\u2019le sava\u015fmaya hevesli oldu\u011fu bir zamanda YPG sadece I\u015e\u0130D\u2019le sava\u015fma g\u00f6n\u00fcll\u00fcl\u00fc\u011f\u00fcn\u00fc ortaya koydu. Bu duru\u015f, YPG\u2019yi ABD i\u00e7in daha g\u00fcvenilir bir m\u00fcttefik h\u00e2line getirdi. Zamanla ABD, \u00f6rg\u00fct\u00fc I\u015e\u0130D\u2019le m\u00fccadelesinde kara birli\u011fi olarak kullanmaya ba\u015flad\u0131 ve iki taraf aras\u0131nda bir ortakl\u0131k olu\u015ftu.<\/p>\n<p>Ancak ABD ayn\u0131 zamanda, T\u00fcrkiye\u2019de ortaya \u00e7\u0131kan ve neredeyse <a href=\"https:\/\/www.bbc.com\/news\/world-europe-20971100\" target=\"_blank\" rel=\"noopener\">40 y\u0131l<\/a> boyunca \u00fclkeye kar\u015f\u0131 sava\u015fan K\u00fcrt milliyet\u00e7isi PKK ile ba\u011flar\u0131n\u0131 kesmek amac\u0131yla, grubun farkl\u0131 Suriyeli akt\u00f6rlerle birle\u015fmesini isteyerek YPG\u2019yi \u015fekillendirmek niyetindeydi. YPG b\u00f6ylece daha kapsay\u0131c\u0131 olmaya ve yerel akt\u00f6rlerin yan\u0131 s\u0131ra uluslararas\u0131 g\u00fc\u00e7lere de hitap edecek bir yap\u0131 kazanmaya zorland\u0131. Farkl\u0131 gruplar\u0131n kat\u0131l\u0131m\u0131 YPG\u2019ye salt PKK\u2019n\u0131n Suriye kolu olmak yerine kendisini ulusal bir yap\u0131lanma olarak sunma f\u0131rsat\u0131 verdi. \u00d6rg\u00fct, 2015 y\u0131l\u0131nda, b\u00f6lgedeki farkl\u0131 etnisitelerden gruplarla birle\u015fti ve <a href=\"https:\/\/www.reuters.com\/article\/us-mideast-crisis-usa-ypg\/u-s-general-told-syrias-ypg-you-have-got-to-change-your-brand-idUSKBN1A62SS?il=0\" target=\"_blank\" rel=\"noopener\">ABD\u2019nin talepleri<\/a> do\u011frultusunda <a href=\"https:\/\/syriancivilwarmap.com\/syrian-democratic-forces\/\" target=\"_blank\" rel=\"noopener\">K\u00fcrt, Arap, T\u00fcrkmen, S\u00fcryani<\/a> ve di\u011fer etnik gruplardan olu\u015fan \u00e7at\u0131 bir yap\u0131lanma olarak YPG a\u011f\u0131rl\u0131kl\u0131 Suriye Demokratik G\u00fc\u00e7leri (SDG) kuruldu. Grubun daha geni\u015f bir Suriye mozai\u011finin par\u00e7as\u0131 oldu\u011funu kan\u0131tlama giri\u015fimi bu ad\u0131mla da son bulmad\u0131. Rakka\u2019da, <a href=\"http:\/\/omranstudies.org\/publications\/papers\/the-autonomous-administration-in-northern-syria-questions-of-legitimacy-and-identity.html\" target=\"_blank\" rel=\"noopener\">SDG\u2019nin ideolojik orta\u011f\u0131<\/a> olarak, Suriye toplumunun t\u00fcm kesimlerini temsil etti\u011fi iddias\u0131yla <a href=\"https:\/\/www.al-monitor.com\/pulse\/originals\/2018\/05\/future-syria-party-rojava-turkey-pressure.html\" target=\"_blank\" rel=\"noopener\">Suriye Gelecek Partisi (SGP)<\/a> kuruldu.<\/p>\n<p>Bu ad\u0131mlara ek olarak, PYD\/YPG\u2019nin ayr\u0131ca Demokratik \u00d6zerk Y\u00f6netim (D\u00d6Y) ad\u0131nda halka sosyal hizmetler sunan idari bir organ\u0131 da bulunmakta. D\u00d6Y, PYD\u2019nin topluca Rojava dedi\u011fi \u00fc\u00e7 kantonda (Afrin, Cezire ve Kobani) bulunan, yerel konsey ve meclislerden olu\u015fan <a href=\"https:\/\/syria.chathamhouse.org\/assets\/documents\/2016-12-08-governing-rojava-khalaf.pdf\" target=\"_blank\" rel=\"noopener\">yerel y\u00f6netim sistemleridir<\/a>. D\u00d6Y\u2019e PYD ideolojisinin h\u00e2kim oldu\u011fu biliniyor. YPG\/PYD kendisini olabildi\u011fince kapsay\u0131c\u0131 olarak sunmaya \u00e7al\u0131\u015fsa da sahadaki ger\u00e7eklik farkl\u0131. PYD\u2019nin, D\u00d6Y b\u00fcnyesindeki y\u00f6netim yap\u0131lar\u0131ndaki <a href=\"https:\/\/syria.chathamhouse.org\/assets\/documents\/2016-12-08-governing-rojava-khalaf.pdf\" target=\"_blank\" rel=\"noopener\">liderlik makamlar\u0131na<\/a> sadece partinin kurallar\u0131na itaat etmeye istekli olan ki\u015fileri getirdi\u011fi iddia ediliyor. YPG\u2019nin yerel halk\u0131n deste\u011fini, kar\u015f\u0131l\u0131kl\u0131 \u00e7\u0131karlar ve toplumun itaatini sa\u011flamak i\u00e7in istedi\u011fi \u00f6ne s\u00fcr\u00fclebilir. Ancak, D\u00d6Y i\u00e7indeki yerel akt\u00f6rlerin <a href=\"https:\/\/syria.chathamhouse.org\/assets\/documents\/2016-12-08-governing-rojava-khalaf.pdf\" target=\"_blank\" rel=\"noopener\">ger\u00e7ek bir temsil g\u00fcc\u00fcnden yoksun olmas\u0131<\/a> grubun kontrol\u00fcndeki b\u00f6lgelerde \u00e7e\u015fitli akt\u00f6rler aras\u0131nda huzursuzluk yarat\u0131yor. \u00d6zellikle Deyrizor ve Rakka gibi Suriye\u2019nin Arap n\u00fcfuslu b\u00f6lgelerinin ele ge\u00e7irilmesinden sonra yerel halk\u0131n \u015fikayetleri daha g\u00f6r\u00fcn\u00fcr h\u00e2le geldi. <a href=\"https:\/\/www.youtube.com\/watch?v=Ci0pFmT-7Gc\" target=\"_blank\" rel=\"noopener\">SDG<\/a> aleyhine pek \u00e7ok protesto d\u00fczenlendi, bu protestolarda <a href=\"https:\/\/www.nedaa-sy.com\/en\/news\/6414\" target=\"_blank\" rel=\"noopener\">Rakka\u2019n\u0131n Arap kimli\u011fi<\/a> dile getirildi ve halk SDG\u2019nin \u015fehri terk etmesini talep etti. S\u00f6ylenenlere g\u00f6re, SDG, olaylar\u0131n sonucunda <a href=\"https:\/\/www.middleeastmonitor.com\/20180530-syria-civilians-protest-against-us-backed-kurdish-forces\/\" target=\"_blank\" rel=\"noopener\">protestocular\u0131n \u00fczerine ate\u015f<\/a> a\u00e7m\u0131\u015ft\u0131r. Ek olarak, bu b\u00f6lgelerde d\u00fczg\u00fcn bir y\u00f6netim sistemi yok ve \u015fehirler b\u00fcy\u00fck \u00f6l\u00e7\u00fcde enkaz halinde. Bu b\u00f6lgelerdeki sat\u0131n al\u0131m g\u00fcc\u00fc de sava\u015ftan kaynaklanan sorunlar nedeniyle olduk\u00e7a d\u00fc\u015f\u00fck. Dolay\u0131s\u0131yla, Arap n\u00fcfuslu b\u00f6lgelerdeki bu sorunlar PYD liderli\u011findeki K\u00fcrt y\u00f6netimine kar\u015f\u0131 <a href=\"https:\/\/www.npr.org\/2018\/10\/26\/658142688\/u-s-plan-to-stabilize-raqqa-and-stop-return-of-isis-doesnt-appear-to-be-working\" target=\"_blank\" rel=\"noopener\">b\u00fcy\u00fcyen bir \u00f6fkeye<\/a> neden oluyor. T\u00fcm bu sorunlara ra\u011fmen, YPG\/PYD h\u00e2l\u00e2 toprak elde etmeye ve ayr\u0131l\u0131k\u00e7\u0131 bir g\u00fcndeminin olmad\u0131\u011f\u0131n\u0131 vurgulayarak me\u015fruiyet kazanmaya \u00e7al\u0131\u015f\u0131yor. Grup, \u00f6zellikle ABD Ba\u015fkan\u0131 Donald Trump\u2019\u0131n Suriye\u2019den \u00e7ekilme karar\u0131ndan sonra, Suriye rejimiyle uzla\u015fmaya d\u00f6n\u00fck \u00e7abalar\u0131n\u0131 yo\u011funla\u015ft\u0131rd\u0131. \u00dcst d\u00fczey bir SDG yetkilisi ve YPG\u2019nin eski s\u00f6zc\u00fcs\u00fc olan R\u00ead\u00fbr Xel\u00eel yak\u0131n zamanda \u00f6zerk y\u00f6netim ile Suriye rejimi aras\u0131nda bir anla\u015fman\u0131n <a href=\"https:\/\/thedefensepost.com\/2019\/01\/05\/syria-regime-deal-inevitable-sdf-official-redur-xelil\/\" target=\"_blank\" rel=\"noopener\">ka\u00e7\u0131n\u0131lmaz<\/a> oldu\u011funu dile getirdi. Ayr\u0131ca SDG kontrol\u00fc alt\u0131ndaki b\u00f6lgelerin de Suriye\u2019nin bir par\u00e7as\u0131 olmas\u0131ndan \u00f6t\u00fcr\u00fc, iki taraf aras\u0131nda bir \u00e7\u00f6z\u00fcme var\u0131lmas\u0131n\u0131n hayati oldu\u011funu belirtti. Bunun yan\u0131nda, Haseke gibi K\u00fcrt b\u00f6lgelerinde <a href=\"https:\/\/twitter.com\/Ozkok_\/status\/1077637426657591297\" target=\"_blank\" rel=\"noopener\">rejim yanl\u0131s\u0131 g\u00f6steriler<\/a> d\u00fczenlendi\u011fi biliniyor. \u00d6rg\u00fct hatta her zaman yabanc\u0131 m\u00fcdahalelere kar\u015f\u0131 ve \u00fclkenin toprak b\u00fct\u00fcnl\u00fc\u011f\u00fcnden yana oldu\u011funu belirterek T\u00fcrkiye\u2019nin Suriye\u2019deki bir sald\u0131r\u0131s\u0131 kar\u015f\u0131s\u0131nda <a href=\"https:\/\/www.theguardian.com\/world\/2018\/jan\/25\/kurds-call-on-syrian-regime-to-intervene-in-afrin-battle\" target=\"_blank\" rel=\"noopener\">Suriye rejiminden askeri destek<\/a> istiyor.<\/p>\n<p>ABD\u2019nin <a href=\"https:\/\/static.rewardsforjustice.net\/uploads\/PKK8_5x11_508.pdf\" target=\"_blank\" rel=\"noopener\">PKK\u2019l\u0131 \u00fc\u00e7 y\u00f6netici hakk\u0131nda tutuklama karar\u0131 \u00e7\u0131karmas\u0131<\/a> da iki grup aras\u0131ndaki ba\u011flar\u0131 kesme giri\u015fimi olarak g\u00f6r\u00fclebilir. Dahas\u0131, Ba\u015fkan Trump\u2019\u0131n Amerikan birliklerini Kuzey Suriye\u2019den <a href=\"https:\/\/www.aljazeera.com\/news\/2018\/12\/trump-orders-full-withdrawal-troops-syria-181219235322303.html\" target=\"_blank\" rel=\"noopener\">\u00e7ekme karar\u0131<\/a> da muhtemelen YPG\u2019nin Suriye\u2019nin toprak b\u00fct\u00fcnl\u00fc\u011f\u00fcn\u00fc savunan ulusal bir yap\u0131lanma olma y\u00f6n\u00fcndeki retori\u011finin hacmini artt\u0131racakt\u0131r. SDG\u2019nin siyasi kanad\u0131 Suriye Demokratik Konseyi\u2019nin (SDK), ge\u00e7mi\u015fte PYD\/YPG kontrol\u00fcndeki topraklar\u0131n gelece\u011fi hakk\u0131nda \u015eam ile <a href=\"http:\/\/www.kurdistan24.net\/en\/news\/45a1bcb9-1151-4de2-9654-d45b546eabc9\" target=\"_blank\" rel=\"noopener\">g\u00f6r\u00fc\u015fmelerde<\/a> bulundu\u011fu biliniyor. Parti konseyinin Eyl\u00fcl\u2019deki bir toplant\u0131s\u0131nda, PYD g\u00f6r\u00fc\u015fmelere <a href=\"https:\/\/anfenglishmobile.com\/human-rights\/pyd-we-support-the-talks-with-damascus-29656\" target=\"_blank\" rel=\"noopener\">deste\u011fini<\/a> artt\u0131rarak \u201cSuriye\u2019de adem-i merkeziyet\u00e7i bir sistemin geli\u015fmesine yol a\u00e7acak sonu\u00e7 odakl\u0131 bir diyalo\u011fa tam destek\u201d verece\u011fini belirtti. Bu y\u00fczden YPG, ufukta beliren Suriye\u2019ye y\u00f6nelik bir sonraki T\u00fcrk m\u00fcdahalesini \u00f6nlemek amac\u0131yla rejimle uzla\u015fma \u00e7abalar\u0131n\u0131 artt\u0131r\u0131yor. B\u00f6yle yapmas\u0131 YPG\u2019nin, Halk Seferberlik G\u00fc\u00e7leri\u2019nin (Ha\u015fdi \u015eabi) Irak ordusuna <a href=\"https:\/\/www.presstv.com\/Detail\/2018\/03\/09\/554828\/Hashd-alShaabi-Iraq-PMU-Abadi\" target=\"_blank\" rel=\"noopener\">entegre edilmesi<\/a> gibi, Suriye Arap Ordusu\u2019nun b\u00fcnyesine dahil edilme ihtimalini do\u011furuyor. Ge\u00e7mi\u015fte bir\u00e7ok farkl\u0131 isyanc\u0131 grup Suriye ordusuna kat\u0131ld\u0131\u011f\u0131 i\u00e7in, bu, hi\u00e7 de uzak bir ihtimal de\u011fildir.<\/p>\n<p>Dahas\u0131, Salih M\u00fcslim de daha \u00f6nce, ordunun yeni <a href=\"https:\/\/www.dailysabah.com\/politics\/2015\/07\/27\/pyd-leader-reveals-hidden-relationship-between-pyd-assad\" target=\"_blank\" rel=\"noopener\">bir anlay\u0131\u015f<\/a> benimsemesi ve <a href=\"http:\/\/www.hurriyet.com.tr\/dunya\/pyd-lideri-ypg-suriye-ordusuna-katilabilir-ama-bir-sartla-29651199\" target=\"_blank\" rel=\"noopener\">Baas Partisi zihniyetini b\u0131rakmas\u0131<\/a> \u015fart\u0131yla YPG\u2019nin Suriye ordusunun bir par\u00e7as\u0131 olabilece\u011fini s\u00f6yledi. M\u00fcslim ayr\u0131ca, grubunun demokratik ve federal bir Suriye i\u00e7in sava\u015faca\u011f\u0131n\u0131 ve Suriye\u2019nin sava\u015f \u00f6ncesi ko\u015fullara d\u00f6nmemesi i\u00e7in ordunun Baas istihbarat\u0131yla olan ba\u011flant\u0131lar\u0131n\u0131 kesmesi gerekti\u011fini dile getirdi. PYD\/YPG, Esed rejimiyle uzla\u015f\u0131rsa kontrol\u00fc alt\u0131ndaki b\u00f6lgeler i\u00e7in yasal bir federalizm\/\u00f6zerklik \u00e7er\u00e7evesi \u00fcretme ihtimali oldu\u011funu d\u00fc\u015f\u00fcn\u00fcyor ve grubun kapsay\u0131c\u0131 retori\u011fi bu ama\u00e7la kullan\u0131l\u0131yor. Fakat rejim, gruba herhangi bir \u00f6z y\u00f6netim hakk\u0131 vermeye isteksiz g\u00f6r\u00fcnmektedir. \u015eam y\u00f6netimi sava\u015fta \u00fcst\u00fcn konuma geldi\u011finin fark\u0131nda ve Suriye topra\u011f\u0131n\u0131n her kar\u0131\u015f\u0131 \u00fczerindeki otoritesini yeniden tesis etme hedefinde.<\/p>\n<p>YPG\u2019nin Suriye Arap Ordusu\u2019na entegrasyonu, rejimin Kuzey Suriye\u2019deki askeri g\u00fcc\u00fcn\u00fc artt\u0131r\u0131r ve Esed\u2019e Suriye askeri muhalefetinin son kalesi olan \u0130dlib\u2019e y\u00f6nelme f\u0131rsat\u0131 verir. Rejimin b\u00f6lgedeki stat\u00fckodan memnun olmad\u0131\u011f\u0131 bir s\u0131r de\u011fil. Bunun yan\u0131nda, \u015eam rejimi \u015fimdiye kadar \u0130dlib\u2019e topyek\u00fbn bir taarruz yap\u0131lmas\u0131n\u0131 engelleyen So\u00e7i Anla\u015fmas\u0131\u2019n\u0131 da sindirilebilmi\u015f de\u011fil. Rejimin b\u00f6lgeye yapt\u0131\u011f\u0131 sald\u0131r\u0131lar da anla\u015fmadan duydu\u011fu ho\u015fnutsuzlu\u011fu g\u00f6steriyor. Suriye rejimi So\u00e7i anla\u015fmas\u0131ndan sonra <a href=\"https:\/\/www.baladi-news.com\/en\/news\/details\/37248\/Assad_regime_commits_massacre_in_Idlib&amp;;s_coumtryside_violating_Sochi&amp;;s_agreement\" target=\"_blank\" rel=\"noopener\">\u0130dlib\u2019i vurmaya<\/a> devam ederek anla\u015fmay\u0131 ihlal etti.<\/p>\n<p>K\u0131sacas\u0131, YPG\u2019nin kapsay\u0131c\u0131 retori\u011fi ve siyasi me\u015fruiyet kazan\u0131p Suriye toplumunun geni\u015f kesimlerinden destek almaya y\u00f6nelik di\u011fer \u00e7abalar\u0131 s\u00fcrecektir. Yine de grubun me\u015fruiyeti Suriye\u2019deki \u00e7e\u015fitli akt\u00f6rler ve PKK\u2019n\u0131n yeminli d\u00fc\u015fman\u0131 olan, YPG\u2019nin s\u0131n\u0131rlar\u0131ndaki geni\u015flemesini kendi toprak b\u00fct\u00fcnl\u00fc\u011f\u00fcne bir tehdit olarak g\u00f6ren T\u00fcrkiye\u2019nin g\u00f6z\u00fcnde tart\u0131\u015fmal\u0131 olarak kalmaya devam ediyor.<\/p>\n<\/div><div class=\"fusion-clearfix\"><\/div><\/div><\/div><\/div><\/div>\n","protected":false},"excerpt":{"rendered":"<p>Yayg\u0131n olarak K\u00fcrdistan \u0130\u015f\u00e7i Partisi\u2019nin (PKK) Suriye\u2019deki kolu olarak bilinen Halk Koruma Birlikleri (YPG), uzun s\u00fcredir sava\u015f ma\u011flubu \u00fclkede, <\/p>\n","protected":false},"author":57,"featured_media":9575,"comment_status":"open","ping_status":"open","sticky":false,"template":"","format":"standard","meta":{"_mo_disable_npp":"","ngg_post_thumbnail":0},"categories":[376],"tags":[9815],"asf_pub_issue":[10307],"asf_pub_region":[10321],"acf":[],"_links":{"self":[{"href":"https:\/\/research.sharqforum.org\/tr\/wp-json\/wp\/v2\/posts\/9610"}],"collection":[{"href":"https:\/\/research.sharqforum.org\/tr\/wp-json\/wp\/v2\/posts"}],"about":[{"href":"https:\/\/research.sharqforum.org\/tr\/wp-json\/wp\/v2\/types\/post"}],"author":[{"embeddable":true,"href":"https:\/\/research.sharqforum.org\/tr\/wp-json\/wp\/v2\/users\/57"}],"replies":[{"embeddable":true,"href":"https:\/\/research.sharqforum.org\/tr\/wp-json\/wp\/v2\/comments?post=9610"}],"version-history":[{"count":3,"href":"https:\/\/research.sharqforum.org\/tr\/wp-json\/wp\/v2\/posts\/9610\/revisions"}],"predecessor-version":[{"id":25027,"href":"https:\/\/research.sharqforum.org\/tr\/wp-json\/wp\/v2\/posts\/9610\/revisions\/25027"}],"wp:featuredmedia":[{"embeddable":true,"href":"https:\/\/research.sharqforum.org\/tr\/wp-json\/wp\/v2\/media\/9575"}],"wp:attachment":[{"href":"https:\/\/research.sharqforum.org\/tr\/wp-json\/wp\/v2\/media?parent=9610"}],"wp:term":[{"taxonomy":"category","embeddable":true,"href":"https:\/\/research.sharqforum.org\/tr\/wp-json\/wp\/v2\/categories?post=9610"},{"taxonomy":"post_tag","embeddable":true,"href":"https:\/\/research.sharqforum.org\/tr\/wp-json\/wp\/v2\/tags?post=9610"},{"taxonomy":"asf_pub_issue","embeddable":true,"href":"https:\/\/research.sharqforum.org\/tr\/wp-json\/wp\/v2\/asf_pub_issue?post=9610"},{"taxonomy":"asf_pub_region","embeddable":true,"href":"https:\/\/research.sharqforum.org\/tr\/wp-json\/wp\/v2\/asf_pub_region?post=9610"}],"curies":[{"name":"wp","href":"https:\/\/api.w.org\/{rel}","templated":true}]}}